{"id":32616,"date":"2024-11-27T10:14:50","date_gmt":"2024-11-27T13:14:50","guid":{"rendered":"https:\/\/geartips.club\/blog\/nos-alpes-moda-tematica-y-mas-sostenible-para-los-amantes-de-la-naturaleza\/"},"modified":"2024-11-27T10:14:50","modified_gmt":"2024-11-27T13:14:50","slug":"nos-alpes-moda-tematica-y-mas-sostenible-para-los-amantes-de-la-naturaleza","status":"publish","type":"post","link":"https:\/\/geartips.club\/blog\/es\/nos-alpes-moda-tematica-y-mas-sostenible-para-los-amantes-de-la-naturaleza\/","title":{"rendered":"Nos Alpes: moda tem\u00e1tica y m\u00e1s sostenible para los amantes de la naturaleza"},"content":{"rendered":"<p><a href=\"https:\/\/geartips.club\/parceiros\/nos-alpes\/\" target=\"_blank\" title=\"Descontos da Nos Alpes no Gear Tips Club\">Nos Alpes<\/a> es una empresa nacional que est\u00e1 en el mercado desde 2016 y produce moda sostenible inspirada en las monta\u00f1as y la naturaleza. La marca surgi\u00f3 con el <strong>modelo slow fashion<\/strong>, un movimiento que valora la calidad y la sostenibilidad, en contraposici\u00f3n al est\u00edmulo del consumo excesivo y el desperdicio de materiales. <strong>Desde su creaci\u00f3n, Nos Alpes est\u00e1 comprometida con la preservaci\u00f3n del medio ambiente, promoviendo y apoyando iniciativas socioambientales.<\/strong><\/p>\n<h2>Inspiraci\u00f3n personal<\/h2>\n<p>Ramon Cavalheiro era un joven trabajador de tiendas comerciales que se sent\u00eda inc\u00f3modo con el est\u00edmulo al consumo desenfrenado. En sus d\u00edas libres, se dirig\u00eda a las monta\u00f1as, donde el \u00fanico exceso es la propia naturaleza.<\/p>\n<p>De la combinaci\u00f3n de esta incomodidad con la pr\u00e1ctica del monta\u00f1ismo naci\u00f3 Nos Alpes, basada en estudios sobre un modelo de producci\u00f3n m\u00e1s consciente enfocado en la venta bajo demanda de camisetas inspiradas en la monta\u00f1a. Hoy en d\u00eda, la empresa trabaja con una l\u00ednea de vestimenta que tambi\u00e9n incluye sudaderas y fleeces, adem\u00e1s de la producci\u00f3n de piezas personalizadas para empresas e instituciones.<\/p>\n<div class=\"caixa\">\n<strong>\u201cCuando dejas de trabajar con un stock innecesario, evitas el desperdicio y, en consecuencia, las liquidaciones que generan un impulso de consumo excesivo.\u201d<\/strong>\n<\/div>\n<p><\/p>\n<p><img fetchpriority=\"high\" decoding=\"async\" src=\"https:\/\/geartips.club\/blog\/wp-content\/uploads\/sites\/2\/2024\/11\/nos-alpes-camisetas-tematicas.webp\" alt=\"Camisas tem\u00e1ticas - Nos Alpes\" width=\"1024\" height=\"1024\" class=\"aligncenter size-full wp-image-31017\" srcset=\"https:\/\/geartips.club\/blog\/wp-content\/uploads\/sites\/2\/2024\/11\/nos-alpes-camisetas-tematicas.webp 1024w, https:\/\/geartips.club\/blog\/wp-content\/uploads\/sites\/2\/2024\/11\/nos-alpes-camisetas-tematicas-300x300.webp 300w, https:\/\/geartips.club\/blog\/wp-content\/uploads\/sites\/2\/2024\/11\/nos-alpes-camisetas-tematicas-150x150.webp 150w, https:\/\/geartips.club\/blog\/wp-content\/uploads\/sites\/2\/2024\/11\/nos-alpes-camisetas-tematicas-768x768.webp 768w\" sizes=\"(max-width: 1024px) 100vw, 1024px\" \/><br \/>\n<span class=\"aligncenter\">Camisetas con tem\u00e1ticas outdoor<\/span><\/p>\n<h2>Producci\u00f3n consciente en Nos Alpes<\/h2>\n<p>Las camisetas de Nos Alpes est\u00e1n hechas con algod\u00f3n sostenible e impresi\u00f3n digital, que consume menos energ\u00eda y agua durante el proceso de fabricaci\u00f3n. Adem\u00e1s, se utilizan tejidos que cuentan con el <a href=\"https:\/\/www.ecycle.com.br\/o-que-e-certificacao-bci-sustentabilidade-algodao\/\" target=\"_blank\" title=\"Certificado BCI (Better Cotton Initiative)\" rel=\"noopener\">certificado BCI (Better Cotton Initiative)<\/a>, lo que garantiza que el procedimiento de producci\u00f3n respeta los est\u00e1ndares \u00e9ticos y ambientales, permitiendo que cada pieza sea una elecci\u00f3n consciente para los clientes y para el planeta.<\/p>\n<p><strong>\u201cPasamos por m\u00e1s de 175 criterios de evaluaci\u00f3n, entre ellos, buenas pr\u00e1cticas agr\u00edcolas, reducci\u00f3n del uso de agroqu\u00edmicos y trabajo an\u00e1logo a la esclavitud. Adem\u00e1s, nuestro proveedor de telas promueve el descarte cero de elementos qu\u00edmicos. El agua utilizada para te\u00f1ir la tela es tratada y reutilizada, cerrando el ciclo de te\u00f1ido consciente.\u201d<\/strong><\/p>\n<p>A principios de 2022, la empresa incluy\u00f3 en sus productos camisetas de poliamida, muy demandadas por practicantes y profesionales de deportes en la naturaleza, respetando los criterios de producci\u00f3n m\u00e1s sostenible. \u201cLa industria textil con la que trabajamos tiene programas internos enfocados en la reducci\u00f3n de emisiones de di\u00f3xido de carbono, el uso de energ\u00eda renovable en la producci\u00f3n y el te\u00f1ido con un descarte adecuado de residuos.\u201d<\/p>\n<p><img decoding=\"async\" src=\"https:\/\/geartips.club\/blog\/wp-content\/uploads\/sites\/2\/2024\/11\/camisa-trilheira-nos-alpes.webp\" alt=\"Camisa &quot;Trilheira&quot; da Nos Alpes\" width=\"1024\" height=\"1080\" class=\"aligncenter size-full wp-image-31024\" srcset=\"https:\/\/geartips.club\/blog\/wp-content\/uploads\/sites\/2\/2024\/11\/camisa-trilheira-nos-alpes.webp 1024w, https:\/\/geartips.club\/blog\/wp-content\/uploads\/sites\/2\/2024\/11\/camisa-trilheira-nos-alpes-284x300.webp 284w, https:\/\/geartips.club\/blog\/wp-content\/uploads\/sites\/2\/2024\/11\/camisa-trilheira-nos-alpes-971x1024.webp 971w, https:\/\/geartips.club\/blog\/wp-content\/uploads\/sites\/2\/2024\/11\/camisa-trilheira-nos-alpes-768x810.webp 768w\" sizes=\"(max-width: 1024px) 100vw, 1024px\" \/><\/p>\n<p>Los productos sint\u00e9ticos cuentan con el <a href=\"https:\/\/www.oeko-tex.com\/en\/\" target=\"_blank\" title=\"selo Oeko-tex\u00ae\" rel=\"noopener\">sello Oeko-tex\u00ae<\/a>, que abarca rigurosos criterios de seguridad y sostenibilidad, garantizando que est\u00e1n libres de sustancias nocivas. El sello confirma que los tejidos han sido sometidos a pruebas exhaustivas en todas las etapas de fabricaci\u00f3n, desde la materia prima hasta el producto final. Esto incluye el an\u00e1lisis de componentes como metales pesados, pesticidas, formaldeh\u00eddo, colorantes cancer\u00edgenos, entre otros.<\/p>\n<p><strong>Incansable en la b\u00fasqueda de soluciones cada vez m\u00e1s sostenibles, Ramon estudia la posibilidad de migrar la colecci\u00f3n de poliamida a dry fit biodegradable, que se descompone m\u00e1s r\u00e1pido y es menos contaminante.<\/strong><\/p>\n<h2>Colecciones socioambientales<\/h2>\n<p>Nos Alpes tambi\u00e9n produce y comercializa camisetas orientadas a iniciativas que promueven la educaci\u00f3n ambiental, la conservaci\u00f3n de la naturaleza, la accesibilidad y la pr\u00e1ctica segura del monta\u00f1ismo. \u201cDestinamos el 10% de las ventas de cada camiseta a las instituciones. Adem\u00e1s de ayudar a las empresas a hacer viables sus colecciones, queremos que las personas conozcan cada una de estas iniciativas.\u201d<\/p>\n<p>La producci\u00f3n de colecciones socioambientales surgi\u00f3 en 2021 con la asociaci\u00f3n SOS Casa Ipiranga, un movimiento que busca preservar monumentos hist\u00f3ricos ubicados en la Serra do Mar, en Paran\u00e1. \u201cA partir de ah\u00ed, entend\u00ed que hab\u00eda una demanda reprimida de instituciones que buscan la conservaci\u00f3n de la naturaleza y que no ten\u00edan un socio para gestionar la producci\u00f3n de sus camisetas\u201d, explica Ramon.<\/p>\n<p>Actualmente, Nos Alpes desarrolla colecciones para el Proyecto Parques Nacionales, enfocado en la valorizaci\u00f3n y divulgaci\u00f3n de los Parques Nacionales y otras Unidades de Conservaci\u00f3n brasile\u00f1as; para el Instituto Montanha para Todos, que incentiva el acceso a la naturaleza para personas con alg\u00fan tipo de discapacidad motriz; y para Outward Bound Brasil (OBB).<\/p>\n<p><img decoding=\"async\" src=\"https:\/\/geartips.club\/blog\/wp-content\/uploads\/sites\/2\/2024\/11\/colecao-camisas-parque-nacionais-nos-alpes-1.webp\" alt=\"Colecci\u00f3n de camisetas Parque Nacionales - Nos Alpes\" width=\"1024\" height=\"1024\" class=\"aligncenter size-full wp-image-31034\" srcset=\"https:\/\/geartips.club\/blog\/wp-content\/uploads\/sites\/2\/2024\/11\/colecao-camisas-parque-nacionais-nos-alpes-1.webp 1024w, https:\/\/geartips.club\/blog\/wp-content\/uploads\/sites\/2\/2024\/11\/colecao-camisas-parque-nacionais-nos-alpes-1-300x300.webp 300w, https:\/\/geartips.club\/blog\/wp-content\/uploads\/sites\/2\/2024\/11\/colecao-camisas-parque-nacionais-nos-alpes-1-150x150.webp 150w, https:\/\/geartips.club\/blog\/wp-content\/uploads\/sites\/2\/2024\/11\/colecao-camisas-parque-nacionais-nos-alpes-1-768x768.webp 768w\" sizes=\"(max-width: 1024px) 100vw, 1024px\" \/><\/p>\n<h2>Zero pl\u00e1stico en los empaques de Nos Alpes<\/h2>\n<p><strong>Los empaques de Nos Alpes siguen el concepto de cero pl\u00e1stico<\/strong>, reflejando el compromiso de la empresa con la reducci\u00f3n del impacto ambiental. Aun as\u00ed, no dejan de ser atractivos y creativos, lo que sorprende positivamente a los consumidores. \u201cUtilizamos bolsas de pan personalizadas con nuestra marca estampada. Los clientes siempre elogian esta iniciativa, reconociendo que es un enfoque bastante artesanal.\u201d<\/p>\n<p>Adem\u00e1s, <strong>Nos Alpes practica el reciclaje de materiales de sus proveedores<\/strong>, utiliz\u00e1ndolos cuando es posible, y realiza la compensaci\u00f3n de los empaques posconsumo mediante el sello \u201cEu Reciclo\u201d.<\/p>\n<p><img loading=\"lazy\" decoding=\"async\" src=\"https:\/\/geartips.club\/blog\/wp-content\/uploads\/sites\/2\/2024\/11\/embalagem-sem-plastico-nos-alpes.webp\" alt=\"Embalajes sin pl\u00e1stico - Nos Alpes\" width=\"1024\" height=\"1024\" class=\"aligncenter size-full wp-image-31031\" srcset=\"https:\/\/geartips.club\/blog\/wp-content\/uploads\/sites\/2\/2024\/11\/embalagem-sem-plastico-nos-alpes.webp 1024w, https:\/\/geartips.club\/blog\/wp-content\/uploads\/sites\/2\/2024\/11\/embalagem-sem-plastico-nos-alpes-300x300.webp 300w, https:\/\/geartips.club\/blog\/wp-content\/uploads\/sites\/2\/2024\/11\/embalagem-sem-plastico-nos-alpes-150x150.webp 150w, https:\/\/geartips.club\/blog\/wp-content\/uploads\/sites\/2\/2024\/11\/embalagem-sem-plastico-nos-alpes-768x768.webp 768w\" sizes=\"(max-width: 1024px) 100vw, 1024px\" \/><\/p>\n<h2>Plantaci\u00f3n de \u00e1rboles<\/h2>\n<p><strong>Otra iniciativa de la empresa para reducir el impacto ambiental es la plantaci\u00f3n mensual de \u00e1rboles<\/strong>. La iniciativa comenz\u00f3 en 2021 con un trabajo en conjunto organizado por la empresa, con el apoyo de una agroforester\u00eda en Curitiba &#8211; estado en el sur de Brasil.<\/p>\n<p>Desde 2022 hasta 2024, Nos Alpes mantuvo una asociaci\u00f3n con la Asociaci\u00f3n Ambientalista Copa\u00edba, que lleva a cabo acciones de restauraci\u00f3n de bosques ribere\u00f1os en las cuencas de los r\u00edos do Peixe y Camanducaia, promoviendo la conservaci\u00f3n de la biodiversidad de manera m\u00e1s eficiente.<\/p>\n<p>En tres a\u00f1os, la empresa ha plantado 535 \u00e1rboles. Esta y otras iniciativas est\u00e1n disponibles en su informe de impacto positivo, actualizado anualmente en el sitio web de Nos Alpes. \u201cEn el futuro, nuestro objetivo es promover eventos propios enfocados en la sostenibilidad\u201d, comenta Ramon.<\/p>\n<h2>Proyecto ReCycle<\/h2>\n<p>En el sitio web de Nos Alpes tambi\u00e9n se encuentra un modelo de billetera reciclada que comparte espacio con la vestimenta. El accesorio forma parte del proyecto ReCycle, un programa de upcycling que transforma colchones de aire viejos en accesorios pr\u00e1cticos, funcionales y duraderos, evitando que el material termine en vertederos.<\/p>\n<p>La idea naci\u00f3 de la experiencia que Ram\u00f3n adquiri\u00f3 en una gran tienda por departamentos y en Aluga Trip, enfocada en el alquiler de equipos para acampar. \u201cUno de los art\u00edculos m\u00e1s descartados eran los colchones inflables. Conversando con un amigo que tiene un taller, surgi\u00f3 la idea de utilizar los materiales para la fabricaci\u00f3n y comercializaci\u00f3n de productos, como la billetera.\u201d<\/p>\n<p><strong>Nos Alpes planea expandir su l\u00ednea de upcycling con ri\u00f1oneras, shoulder bags y tapetes de camping, adem\u00e1s de lanzar un programa de log\u00edstica inversa en colaboraci\u00f3n con fabricantes de colchones.<\/strong><\/p>\n<h2>Apoyo al programa de Reciclaje Gear Tips<\/h2>\n<p><strong>La empresa tambi\u00e9n es una de las participantes del <a href=\"https:\/\/geartips.com\/greenhub\/programa-de-reciclagem\/\" target=\"_blank\" title=\"Programa de Reciclagem Gear Tips\" rel=\"noopener\">Programa de Reciclaje Gear Tips<\/a><\/strong>, que promueve la conciencia ambiental y facilita el proceso adecuado de descarte, recolecci\u00f3n y reciclaje de los cartuchos de gas para acampada, evitando que sean enviados a vertederos o rellenos sanitarios.<\/p>\n<p><img loading=\"lazy\" decoding=\"async\" src=\"https:\/\/geartips.club\/blog\/wp-content\/uploads\/sites\/2\/2024\/11\/programa-reciclagem-gear-tips.webp\" alt=\"Nos Alpes participa en el Programa de Reciclaje de Gear Tips\" width=\"846\" height=\"1024\" class=\"aligncenter size-full wp-image-31041\" srcset=\"https:\/\/geartips.club\/blog\/wp-content\/uploads\/sites\/2\/2024\/11\/programa-reciclagem-gear-tips.webp 846w, https:\/\/geartips.club\/blog\/wp-content\/uploads\/sites\/2\/2024\/11\/programa-reciclagem-gear-tips-248x300.webp 248w, https:\/\/geartips.club\/blog\/wp-content\/uploads\/sites\/2\/2024\/11\/programa-reciclagem-gear-tips-768x930.webp 768w\" sizes=\"(max-width: 846px) 100vw, 846px\" \/><\/p>\n<p><strong>Nos Alpes es un ejemplo para las grandes marcas outdoor, demostrando que incluso siendo una empresa peque\u00f1a, pone en pr\u00e1ctica valores que son esenciales para el futuro del planeta y de las nuevas generaciones.<\/strong><\/p>\n","protected":false},"excerpt":{"rendered":"<p>Nos Alpes es una empresa nacional que est\u00e1 en el mercado desde 2016 y produce moda sostenible inspirada en las monta\u00f1as y la naturaleza. La marca surgi\u00f3 con el modelo slow fashion, un movimiento que valora la calidad y la sostenibilidad, en contraposici\u00f3n al est\u00edmulo del consumo excesivo y el desperdicio de materiales. Desde su [&hellip;]<\/p>\n","protected":false},"author":3586,"featured_media":31050,"comment_status":"open","ping_status":"","sticky":false,"template":"","format":"standard","meta":{"footnotes":""},"categories":[1431,1372],"tags":[1509,1510,1540,1373],"class_list":["post-32616","post","type-post","status-publish","format-standard","has-post-thumbnail","hentry","category-indumentaria","category-sostenibilidad","tag-entrevistas-es","tag-marcas-outdoor-es","tag-nos-alpes-es","tag-sostenibilidad"],"blocksy_meta":[],"_links":{"self":[{"href":"https:\/\/geartips.club\/blog\/es\/wp-json\/wp\/v2\/posts\/32616","targetHints":{"allow":["GET"]}}],"collection":[{"href":"https:\/\/geartips.club\/blog\/es\/wp-json\/wp\/v2\/posts"}],"about":[{"href":"https:\/\/geartips.club\/blog\/es\/wp-json\/wp\/v2\/types\/post"}],"author":[{"embeddable":true,"href":"https:\/\/geartips.club\/blog\/es\/wp-json\/wp\/v2\/users\/3586"}],"replies":[{"embeddable":true,"href":"https:\/\/geartips.club\/blog\/es\/wp-json\/wp\/v2\/comments?post=32616"}],"version-history":[{"count":0,"href":"https:\/\/geartips.club\/blog\/es\/wp-json\/wp\/v2\/posts\/32616\/revisions"}],"wp:featuredmedia":[{"embeddable":true,"href":"https:\/\/geartips.club\/blog\/es\/wp-json\/wp\/v2\/media\/31050"}],"wp:attachment":[{"href":"https:\/\/geartips.club\/blog\/es\/wp-json\/wp\/v2\/media?parent=32616"}],"wp:term":[{"taxonomy":"category","embeddable":true,"href":"https:\/\/geartips.club\/blog\/es\/wp-json\/wp\/v2\/categories?post=32616"},{"taxonomy":"post_tag","embeddable":true,"href":"https:\/\/geartips.club\/blog\/es\/wp-json\/wp\/v2\/tags?post=32616"}],"curies":[{"name":"wp","href":"https:\/\/api.w.org\/{rel}","templated":true}]}}