{"id":34392,"date":"2024-10-29T07:53:58","date_gmt":"2024-10-29T10:53:58","guid":{"rendered":"https:\/\/geartips.club\/blog\/como-aprendi-el-significado-de-la-palabra-solitude-en-el-camino-de-santiago\/"},"modified":"2024-10-29T07:53:58","modified_gmt":"2024-10-29T10:53:58","slug":"como-aprendi-el-significado-de-la-palabra-solitude-en-el-camino-de-santiago","status":"publish","type":"post","link":"https:\/\/geartips.club\/blog\/es\/como-aprendi-el-significado-de-la-palabra-solitude-en-el-camino-de-santiago\/","title":{"rendered":"C\u00f3mo aprend\u00ed el significado de la palabra solitude en el Camino de Santiago"},"content":{"rendered":"<p>Era una ma\u00f1ana fr\u00eda cuando me puse la mochila a la espalda y di los primeros pasos en el Camino de Santiago. Dej\u00e9 atr\u00e1s la comodidad del hogar, la presencia constante de la familia y de los amigos, y me sumerg\u00ed en una jornada de 35 d\u00edas de introspecci\u00f3n. El camino frente a m\u00ed era largo, lleno de incertidumbres y desaf\u00edos, pero tambi\u00e9n repleto de promesas de descubrimientos y renovaci\u00f3n.<\/p>\n<p>En los primeros d\u00edas, la ausencia de los rostros familiares pesaba sobre mis hombros tanto como la mochila que cargaba. Cada paso estaba acompa\u00f1ado por una nostalgia aguda, una sensaci\u00f3n de que faltaba algo. Sent\u00eda la falta de las conversaciones cotidianas, de las risas compartidas e incluso de las preocupaciones triviales que me manten\u00edan conectado a los que amaba. Sin embargo, a medida que los kil\u00f3metros pasaban bajo mis pies, comenc\u00e9 a percibir un cambio sutil en mi interior.<\/p>\n<p><img fetchpriority=\"high\" decoding=\"async\" src=\"https:\/\/geartips.club\/blog\/wp-content\/uploads\/sites\/2\/2024\/10\/pedro-caminho-santiago-compostela.webp\" alt=\"Pedro Lacaz Amaral durante la peregrinaci\u00f3n en el Camino de Santiago\" width=\"1024\" height=\"576\" class=\"aligncenter size-full wp-image-30829\" srcset=\"https:\/\/geartips.club\/blog\/wp-content\/uploads\/sites\/2\/2024\/10\/pedro-caminho-santiago-compostela.webp 1024w, https:\/\/geartips.club\/blog\/wp-content\/uploads\/sites\/2\/2024\/10\/pedro-caminho-santiago-compostela-300x169.webp 300w, https:\/\/geartips.club\/blog\/wp-content\/uploads\/sites\/2\/2024\/10\/pedro-caminho-santiago-compostela-768x432.webp 768w\" sizes=\"(max-width: 1024px) 100vw, 1024px\" \/><\/p>\n<p>A pesar de estar f\u00edsicamente distante de los m\u00edos, no estaba solo. Por el contrario, conoc\u00ed diversas personas a lo largo del <a href=\"https:\/\/geartips.club\/blog\/?s=caminho+de+santiago&amp;post_type=post\" target=\"_blank\" title=\"M\u00e1s textos sobre el Camino de Santiago\" rel=\"noopener\">Camino de Santiago<\/a>. Peregrinos de todas las partes del mundo, cada uno con su propia historia, sus propias b\u00fasquedas. Las conversaciones que mantuve con esas personas fueron siempre interesantes y despreocupadas, un alivio del peso de las identidades y de los roles que muchas veces nos definen.<\/p>\n<p><strong>All\u00ed, yo no era Pedro Lacaz Amaral, de Gear Tips, de Deuter, o cualquier otra etiqueta que la vida cotidiana me confer\u00eda. Yo era simplemente Pedro, un peregrino m\u00e1s en el Camino de Santiago, un alma en b\u00fasqueda, como tantas otras.<\/strong><\/p>\n<p>El Camino, con su belleza austera y su simplicidad, comenz\u00f3 a revelarme algo profundo. En medio del silencio de los paisajes vastos y la quietud de las noches solitarias (a\u00fan compartiendo cuartos en albergues), comenc\u00e9 a escuchar una voz que siempre hab\u00eda estado ah\u00ed, pero que hasta entonces hab\u00eda sido acallada por el ruido de lo cotidiano. <strong>Era la voz de mi propia completitud.<\/strong><\/p>\n<p>Record\u00e9, entonces, un <a href=\"https:\/\/repositorio.ufc.br\/bitstream\/riufc\/51468\/1\/2020_art_lmbrmenezes.pdf\" target=\"_blank\" title=\"Discurso de Arist\u00f3fanes en el Banquete de Plat\u00f3n\" rel=\"noopener\">antiguo mito griego, contado por Arist\u00f3fanes en el Banquete de Plat\u00f3n<\/a>. Seg\u00fan el mito, los humanos eran originalmente seres enteros, con cuatro piernas, cuatro brazos y dos caras, pero fueron divididos en dos mitades por los dioses, condenados a buscar eternamente la otra mitad para sentirse completos. Esta historia resuena en nosotros, haci\u00e9ndonos creer que somos incompletos, que necesitamos de otra persona para volvernos enteros.<\/p>\n<h2>Descubrimientos a lo largo del Camino de Santiago<\/h2>\n<p>Pero conforme avanzaba por los campos y bosques del Camino de Santiago, enfrentando el cansancio f\u00edsico y las incertidumbres de la jornada, percib\u00ed que la nostalgia, aunque a\u00fan presente, ya no era m\u00e1s un vac\u00edo que necesitaba ser llenado.<\/p>\n<p><img decoding=\"async\" src=\"https:\/\/geartips.club\/blog\/wp-content\/uploads\/sites\/2\/2024\/10\/solitude-caminho-santiago-compostela.webp\" alt=\"Solitude durante el Camino de Santiago de Compostela\" width=\"1024\" height=\"576\" class=\"aligncenter size-full wp-image-30832\" srcset=\"https:\/\/geartips.club\/blog\/wp-content\/uploads\/sites\/2\/2024\/10\/solitude-caminho-santiago-compostela.webp 1024w, https:\/\/geartips.club\/blog\/wp-content\/uploads\/sites\/2\/2024\/10\/solitude-caminho-santiago-compostela-300x169.webp 300w, https:\/\/geartips.club\/blog\/wp-content\/uploads\/sites\/2\/2024\/10\/solitude-caminho-santiago-compostela-768x432.webp 768w\" sizes=\"(max-width: 1024px) 100vw, 1024px\" \/><\/p>\n<p><strong>La nostalgia se volvi\u00f3 un recuerdo suave, una prueba del amor y de las conexiones que hab\u00eda cultivado a lo largo de la vida. Pero, sorprendentemente, ya no era m\u00e1s una necesidad desesperada. Yo estaba feliz, pleno, solo por estar all\u00ed, con la compa\u00f1\u00eda de mis propios pensamientos y el mundo a mi alrededor.<\/strong><\/p>\n<p>Entend\u00ed, entonces, que no era una mitad en b\u00fasqueda de completitud. Era un ser entero, con todas sus fuerzas y debilidades, capaz de encontrar felicidad y contentamiento por s\u00ed solo. La ausencia de los otros no disminu\u00eda mi esencia, sino que me permit\u00eda explorar y afirmar mi propia identidad. Descubr\u00ed que mi felicidad no depend\u00eda de estar rodeado por otras personas, sino que pod\u00eda ser encontrada en la simple alegr\u00eda de vivir, en la presencia silenciosa de la naturaleza y en la compa\u00f1\u00eda de m\u00ed mismo.<\/p>\n<p>Cada d\u00eda en el Camino de Santiago se volvi\u00f3 un paso hacia ese descubrimiento. Al final de la jornada, cuando finalmente llegu\u00e9 a <a href=\"https:\/\/geartips.club\/plus\/filme_video\/caminho-de-santiago-de-compostela\/\" target=\"_blank\" title=\"Charla sobre el Camino de Santiago de Compostela con Ana Wanke\" rel=\"noopener\">Santiago de Compostela<\/a>, mir\u00e9 hacia atr\u00e1s y vi que, m\u00e1s que haber recorrido una distancia f\u00edsica, hab\u00eda transitado un camino interior.<\/p>\n<p><strong>La experiencia me ense\u00f1\u00f3 que soy completo por m\u00ed mismo, que la ausencia de los otros no me hace menos, sino que, al contrario, me permite ver la plenitud que ya existe en m\u00ed.<\/strong><\/p>\n<p>As\u00ed, volv\u00ed a casa, no como alguien que necesita de otra mitad para ser completo, sino como alguien que, al descubrirse entero, elige compartir esa completitud con aquellos que ama. La jornada por el Camino de Santiago no fue solo una peregrinaci\u00f3n externa, sino un viaje profundo al interior de mi ser, donde encontr\u00e9 la verdad sobre qui\u00e9n realmente soy &#8211; un ser pleno, feliz y completo -, y el significado real de la palabra solitude.<\/p>\n","protected":false},"excerpt":{"rendered":"<p>Era una ma\u00f1ana fr\u00eda cuando me puse la mochila a la espalda y di los primeros pasos en el Camino de Santiago. Dej\u00e9 atr\u00e1s la comodidad del hogar, la presencia constante de la familia y de los amigos, y me sumerg\u00ed en una jornada de 35 d\u00edas de introspecci\u00f3n. El camino frente a m\u00ed era [&hellip;]<\/p>\n","protected":false},"author":1096,"featured_media":30842,"comment_status":"open","ping_status":"","sticky":false,"template":"","format":"standard","meta":{"footnotes":""},"categories":[1542,1336],"tags":[1544],"class_list":["post-34392","post","type-post","status-publish","format-standard","has-post-thumbnail","hentry","category-peregrinacion","category-reflexion","tag-camino-de-santiago-de-compostela-es"],"blocksy_meta":[],"_links":{"self":[{"href":"https:\/\/geartips.club\/blog\/es\/wp-json\/wp\/v2\/posts\/34392","targetHints":{"allow":["GET"]}}],"collection":[{"href":"https:\/\/geartips.club\/blog\/es\/wp-json\/wp\/v2\/posts"}],"about":[{"href":"https:\/\/geartips.club\/blog\/es\/wp-json\/wp\/v2\/types\/post"}],"author":[{"embeddable":true,"href":"https:\/\/geartips.club\/blog\/es\/wp-json\/wp\/v2\/users\/1096"}],"replies":[{"embeddable":true,"href":"https:\/\/geartips.club\/blog\/es\/wp-json\/wp\/v2\/comments?post=34392"}],"version-history":[{"count":0,"href":"https:\/\/geartips.club\/blog\/es\/wp-json\/wp\/v2\/posts\/34392\/revisions"}],"wp:featuredmedia":[{"embeddable":true,"href":"https:\/\/geartips.club\/blog\/es\/wp-json\/wp\/v2\/media\/30842"}],"wp:attachment":[{"href":"https:\/\/geartips.club\/blog\/es\/wp-json\/wp\/v2\/media?parent=34392"}],"wp:term":[{"taxonomy":"category","embeddable":true,"href":"https:\/\/geartips.club\/blog\/es\/wp-json\/wp\/v2\/categories?post=34392"},{"taxonomy":"post_tag","embeddable":true,"href":"https:\/\/geartips.club\/blog\/es\/wp-json\/wp\/v2\/tags?post=34392"}],"curies":[{"name":"wp","href":"https:\/\/api.w.org\/{rel}","templated":true}]}}