{"id":18262,"date":"2022-07-22T10:29:22","date_gmt":"2022-07-22T13:29:22","guid":{"rendered":"https:\/\/geartips.com.br\/?p=18262"},"modified":"2023-05-12T18:21:58","modified_gmt":"2023-05-12T21:21:58","slug":"nova-barraca-azteq-viento","status":"publish","type":"post","link":"https:\/\/geartips.club\/blog\/nova-barraca-azteq-viento\/","title":{"rendered":"Conhe\u00e7a a nova barraca Azteq Viento"},"content":{"rendered":"<p>Em julho de 2022, a Azteq lan\u00e7ou tr\u00eas novas barracas: Gobi, Viento e Cumbre &#8211; modelos com capacidade para 1, 2 ou 3 pessoas, respectivamente. Neste texto iremos mostrar todos os detalhes da <strong>Azteq Viento<\/strong>, uma <strong>barraca para 2 pessoas que pode ser usada nos seus trekkings, viagens de bicicleta ou no camping estruturado<\/strong>.<\/p>\n<p><img fetchpriority=\"high\" decoding=\"async\" class=\"aligncenter size-full wp-image-18290\" src=\"https:\/\/geartips.club\/blog\/wp-content\/uploads\/sites\/2\/2022\/07\/barraca-azteq-viento-2-pessoas.jpg\" alt=\"Barraca Azteq Viento\" width=\"1024\" height=\"768\" srcset=\"https:\/\/geartips.club\/blog\/wp-content\/uploads\/sites\/2\/2022\/07\/barraca-azteq-viento-2-pessoas.jpg 1024w, https:\/\/geartips.club\/blog\/wp-content\/uploads\/sites\/2\/2022\/07\/barraca-azteq-viento-2-pessoas-300x225.jpg 300w, https:\/\/geartips.club\/blog\/wp-content\/uploads\/sites\/2\/2022\/07\/barraca-azteq-viento-2-pessoas-768x576.jpg 768w\" sizes=\"(max-width: 1024px) 100vw, 1024px\" \/><\/p>\n<p><strong>A Azteq Viento \u00e9 \u00f3tima op\u00e7\u00e3o de barraca para trekking<\/strong>. Muitas barracas projetadas para trekking s\u00e3o apertadas e n\u00e3o oferecem um bom conforto interno. <strong>O aproveitamento inteligente do espa\u00e7o interno \u00e9 uma das caracter\u00edsticas mais interessantes da Azteq Viento<\/strong>. No topo desta barraca existe uma vareta transversal que serve para levantar as paredes dela, isso cria um espa\u00e7o interno muito maior, permitindo que voc\u00ea fique sentado e se movimente com mais conforto e praticidade. Essa caracter\u00edstica tamb\u00e9m facilita a organiza\u00e7\u00e3o do espa\u00e7o interno, com as paredes mais verticais voc\u00ea pode distribuir melhor seus equipamentos na barraca e a probabilidade de que algum objeto, ou mesmo seu corpo, pressione o quarto contra o sobreteto \u00e9 muito menor.<\/p>\n<p><img decoding=\"async\" class=\"size-full wp-image-18271 aligncenter\" src=\"https:\/\/geartips.club\/blog\/wp-content\/uploads\/sites\/2\/2022\/07\/barraca-azteq-viento-detalhe-quarto.jpg\" alt=\"Barraca Azteq Viento - detalhe do quarto e varetas\" width=\"1024\" height=\"768\" srcset=\"https:\/\/geartips.club\/blog\/wp-content\/uploads\/sites\/2\/2022\/07\/barraca-azteq-viento-detalhe-quarto.jpg 1024w, https:\/\/geartips.club\/blog\/wp-content\/uploads\/sites\/2\/2022\/07\/barraca-azteq-viento-detalhe-quarto-300x225.jpg 300w, https:\/\/geartips.club\/blog\/wp-content\/uploads\/sites\/2\/2022\/07\/barraca-azteq-viento-detalhe-quarto-768x576.jpg 768w\" sizes=\"(max-width: 1024px) 100vw, 1024px\" \/><br \/>\n<span class=\"aligncenter\">Observe a vareta transversal no topo da estrutura da barraca. Veja como ela afasta as paredes, aumentando o espa\u00e7o interno da barraca.<\/span><\/p>\n<p><strong>A Viento \u00e9 autoportante<\/strong>, isto \u00e9, ela fica em p\u00e9 mesmo sem usar os espeques. Essa funcionalidade \u00e9 fundamental em lugares onde o solo n\u00e3o tem profundidade suficiente para permitir o uso dos espeques. No cicloturismo isso \u00e9 um cen\u00e1rio comum, muitas vezes o ciclista acampa dentro de igrejas, escolas ou outras instala\u00e7\u00f5es onde n\u00e3o existe possibilidade de fixar os espeques. Em situa\u00e7\u00f5es assim uma barraca autoportante facilita muito a tarefa de montagem do abrigo.<\/p>\n<p><strong>A Azteq Viento tamb\u00e9m atender\u00e1 os cicloturistas que desejam uma barraca um pouco mais espa\u00e7osa ou que est\u00e3o pedalando em dupla<\/strong>. Quando dobrada ela fica <strong>compacta o suficiente para ser transportada sobre o rack traseiro, dentro de um alforje ou numa bolsa de guid\u00e3o<\/strong> (dependendo da largura e do tipo de guid\u00e3o da sua bike).<\/p>\n<p>O comprimento da barraca embalada junto com as varetas \u00e9 de, aproximadamente, 42,5cm. Ela n\u00e3o se encaixar\u00e1 t\u00e3o bem no meio dos guid\u00f5es drop menores. Uma solu\u00e7\u00e3o para isso seria retirar as varetas e o espeque da embalagem e usar um saco de compress\u00e3o para reduzir as medidas, permitindo que ela encaixe no guid\u00e3o sem atrapalhar o movimento dos passadores do c\u00e2mbio. Na foto abaixo ela est\u00e1 em um saco de compress\u00e3o da Sea to Summit, o guid\u00e3o da bicicleta tem 400mm e a barraca saiu dos 42cm de largura para cerca de 28cm.<\/p>\n<p><img decoding=\"async\" class=\"size-full wp-image-18329 aligncenter\" src=\"https:\/\/geartips.club\/blog\/wp-content\/uploads\/sites\/2\/2022\/07\/barraca-azteq-viento-comprimida-guidao-drop.jpg\" alt=\"Barraca Azteq Viento comprimida em um saco de compress\u00e3o\" width=\"1024\" height=\"538\" srcset=\"https:\/\/geartips.club\/blog\/wp-content\/uploads\/sites\/2\/2022\/07\/barraca-azteq-viento-comprimida-guidao-drop.jpg 1024w, https:\/\/geartips.club\/blog\/wp-content\/uploads\/sites\/2\/2022\/07\/barraca-azteq-viento-comprimida-guidao-drop-300x158.jpg 300w, https:\/\/geartips.club\/blog\/wp-content\/uploads\/sites\/2\/2022\/07\/barraca-azteq-viento-comprimida-guidao-drop-768x404.jpg 768w\" sizes=\"(max-width: 1024px) 100vw, 1024px\" \/><br \/>\n<span class=\"aligncenter\">Barraca Azteq Viento compactada dentro de um saco de compress\u00e3o.<\/span><\/p>\n<p>A Azteq Viento tamb\u00e9m \u00e9 uma <strong>boa op\u00e7\u00e3o para quem gosta de usar barracas menores no camping estruturado<\/strong>. A rela\u00e7\u00e3o peso x volume de uma barraca n\u00e3o \u00e9 um problema quando voc\u00ea vai de carro at\u00e9 o camping, mas se voc\u00ea curte viajar de mochil\u00e3o e acampar ao longo do caminho essa barraca pode ser uma escolha interessante. Voc\u00ea ter\u00e1 uma barraca f\u00e1cil de transportar e com espa\u00e7o confort\u00e1vel para duas pessoas. E voc\u00ea ainda pode dividir as partes da barraca entre a sua mochila e a mochila do seu amigo. Confira duas op\u00e7\u00f5es para esta divis\u00e3o:<\/p>\n<p><strong>Campista 1 levaria:<\/strong> quarto, sobreteto e saco de transporte da barraca (peso total: 1270g)<br \/>\n<strong>Campista 2 levaria:<\/strong> varetas, espeques, cordeletes e footprint (peso total: 930g)<\/p>\n<p>Outra possibilidade, essa \u00e9 um pouco mais justa na divis\u00e3o da carga:<\/p>\n<p><strong>Campista 1 levaria:<\/strong> sobreteto e varetas (peso total: 1143g)<br \/>\n<strong>Campista 2 levaria:<\/strong> quarto, espeques, cordeletes, footprint e saco de transporte da barraca (peso total: 1057g)<\/p>\n<h2>Sobreteto, piso, ventila\u00e7\u00e3o e coluna d&#8217;\u00e1gua<\/h2>\n<p><strong>O sobreteto da Viento \u00e9 feito em Nylon 20D e possui uma coluna d&#8217;\u00e1gua de 6000mm<\/strong>. O piso \u00e9 feito em poli\u00e9ster 150D, sendo um pouco mais grosso que o sobreteto. Estes materiais mais finos passaram a ser usados nas barracas como uma forma de diminuir o peso final delas, isso \u00e9 \u00f3timo para reduzir o peso na sua mochila, mas tamb\u00e9m exige um pouco mais de cuidado com o manuseio, escolha do local para montar a barraca, etc. Ali\u00e1s, <strong>a Viento vem com um footprint incluso<\/strong>, recomendamos o uso dele para ajudar na prote\u00e7\u00e3o do piso.<\/p>\n<p><strong>O quarto \u00e9 todo feito em tela de poli\u00e9ster, isso melhora muito a ventila\u00e7\u00e3o no interior da Azteq Viento, e reduz a possibilidade de condensa\u00e7\u00e3o no interior da barraca<\/strong>. As duas aberturas de ventila\u00e7\u00e3o, e o sobreteto ligeiramente afastado do ch\u00e3o, tamb\u00e9m auxiliam no fluxo de ar entre o ambiente externo e o interior da barraca.<\/p>\n<p><img loading=\"lazy\" decoding=\"async\" class=\"size-full wp-image-18305 aligncenter\" src=\"https:\/\/geartips.club\/blog\/wp-content\/uploads\/sites\/2\/2022\/07\/detalhe-lateral-barraca-azteq-viento.jpg\" alt=\"Detalhe lateral da Azteq Viento\" width=\"1024\" height=\"768\" srcset=\"https:\/\/geartips.club\/blog\/wp-content\/uploads\/sites\/2\/2022\/07\/detalhe-lateral-barraca-azteq-viento.jpg 1024w, https:\/\/geartips.club\/blog\/wp-content\/uploads\/sites\/2\/2022\/07\/detalhe-lateral-barraca-azteq-viento-300x225.jpg 300w, https:\/\/geartips.club\/blog\/wp-content\/uploads\/sites\/2\/2022\/07\/detalhe-lateral-barraca-azteq-viento-768x576.jpg 768w\" sizes=\"(max-width: 1024px) 100vw, 1024px\" \/><br \/>\n<span class=\"aligncenter\">Vista lateral da Azteq Viento. Note a abertura para ventila\u00e7\u00e3o, do outro lado da barraca existe outra abertura igual a esta.<\/span><\/p>\n<h2>Peso e medidas da barraca Azteq Viento<\/h2>\n<p>Para deixarmos este texto ainda mais completo n\u00f3s pesamos as partes que comp\u00f5e esta barraca usando uma balan\u00e7a digital (os valores podem apresentar pequenas varia\u00e7\u00f5es, para cima ou para baixo).<\/p>\n<ul>\n<li>Peso sem o footprint: 1,971g<\/li>\n<li>Peso com o footprint: 2,200g<\/li>\n<\/ul>\n<ul>\n<li>Peso do sobreteto: 550g<\/li>\n<li>Peso do quarto: 650g<\/li>\n<li>Peso do footprint: 229g<\/li>\n<li>Peso do saco de transporte da barraca: 70g<\/li>\n<li>Peso das varetas com saco de transporte delas: 593g<\/li>\n<li>Peso dos espeques e cordeletes com saco de transporte deles: 108g<\/li>\n<\/ul>\n<ul>\n<li>Comprimento das varetas dobradas: 42,5cm (aproximadamente)<\/li>\n<li>Medidas da barraca embalada: 42cm (c) x 16cm (l) x 14cm (a) (aproximadamente)<\/li>\n<li>Medidas da barraca montada: 210cm (c) x 135cm (l) x 105cm (a)<\/li>\n<\/ul>\n<h2>Conforto e espa\u00e7o interno na Azteq Viento<\/h2>\n<p>Como dissemos antes, a vareta transversal melhora o espa\u00e7o e o conforto interno para os usu\u00e1rios da Azteq Viento. Ela possui duas portas, uma de cada lado, ambas com <strong>avan\u00e7os de cerca de 60cm no ponto mais largo<\/strong>. Esses avan\u00e7os fornecem espa\u00e7o suficiente para acomodar cal\u00e7ados sujos, utens\u00edlios de cozinha ou mesmo uma mochila (foto abaixo).<\/p>\n<p><img loading=\"lazy\" decoding=\"async\" class=\"aligncenter size-full wp-image-18300\" src=\"https:\/\/geartips.club\/blog\/wp-content\/uploads\/sites\/2\/2022\/07\/barraca-azteq-viento-avanco.jpg\" alt=\"Barraca Azteq Viento - medida do avan\u00e7o\" width=\"1024\" height=\"768\" srcset=\"https:\/\/geartips.club\/blog\/wp-content\/uploads\/sites\/2\/2022\/07\/barraca-azteq-viento-avanco.jpg 1024w, https:\/\/geartips.club\/blog\/wp-content\/uploads\/sites\/2\/2022\/07\/barraca-azteq-viento-avanco-300x225.jpg 300w, https:\/\/geartips.club\/blog\/wp-content\/uploads\/sites\/2\/2022\/07\/barraca-azteq-viento-avanco-768x576.jpg 768w\" sizes=\"(max-width: 1024px) 100vw, 1024px\" \/><\/p>\n<p><strong>O porta-objetos localizado no teto da barraca \u00e9 espa\u00e7oso<\/strong> e facilita a organiza\u00e7\u00e3o de itens pequenos como telefone, lanterna de cabe\u00e7a, luvas, gorros, etc. Ela tamb\u00e9m possui dois bolsos laterais que oferecem mais espa\u00e7o para voc\u00ea organizar seus objetos menores.<\/p>\n<p><img loading=\"lazy\" decoding=\"async\" class=\"size-full wp-image-18301 aligncenter\" src=\"https:\/\/geartips.club\/blog\/wp-content\/uploads\/sites\/2\/2022\/07\/detalhe-porta-objetos-barraca-azteq-viento.jpg\" alt=\"Porta-objetos no teto da Azteq Viento\" width=\"1024\" height=\"768\" srcset=\"https:\/\/geartips.club\/blog\/wp-content\/uploads\/sites\/2\/2022\/07\/detalhe-porta-objetos-barraca-azteq-viento.jpg 1024w, https:\/\/geartips.club\/blog\/wp-content\/uploads\/sites\/2\/2022\/07\/detalhe-porta-objetos-barraca-azteq-viento-300x225.jpg 300w, https:\/\/geartips.club\/blog\/wp-content\/uploads\/sites\/2\/2022\/07\/detalhe-porta-objetos-barraca-azteq-viento-768x576.jpg 768w\" sizes=\"(max-width: 1024px) 100vw, 1024px\" \/><br \/>\n<span class=\"aligncenter\">Detalhe da rede porta-objetos no teto do quarto.<\/span><\/p>\n<p><img loading=\"lazy\" decoding=\"async\" class=\"size-full wp-image-18303 aligncenter\" src=\"https:\/\/geartips.club\/blog\/wp-content\/uploads\/sites\/2\/2022\/07\/detalhe-bolso-interno-azteq-viento.jpg\" alt=\"Detalhe do bolso interno da barraca\" width=\"1024\" height=\"768\" srcset=\"https:\/\/geartips.club\/blog\/wp-content\/uploads\/sites\/2\/2022\/07\/detalhe-bolso-interno-azteq-viento.jpg 1024w, https:\/\/geartips.club\/blog\/wp-content\/uploads\/sites\/2\/2022\/07\/detalhe-bolso-interno-azteq-viento-300x225.jpg 300w, https:\/\/geartips.club\/blog\/wp-content\/uploads\/sites\/2\/2022\/07\/detalhe-bolso-interno-azteq-viento-768x576.jpg 768w\" sizes=\"(max-width: 1024px) 100vw, 1024px\" \/><br \/>\n<span class=\"aligncenter\">A Viento possui dois bolsos como este.<\/span><\/p>\n<p>\u00c9 importante destacarmos que <strong>a Azteq Viento \u00e9 uma barraca 3 esta\u00e7\u00f5es<\/strong>, ou seja, ela n\u00e3o foi feita para ser usada em climas mais frios. O quarto 100% telado n\u00e3o ir\u00e1 ajudar na manuten\u00e7\u00e3o da temperatura interna em lugares com temperaturas muito baixas, isso n\u00e3o \u00e9 um problema para o uso no Brasil, mas em lugares como a Patag\u00f4nia pode ser uma desvantagem.<\/p>\n<h2>Detalhes gerais da estrutura da Azteq Viento<\/h2>\n<p>Essa barraca tem alguns detalhes diferentes para quem est\u00e1 acostumado com modelos mais comuns. Uma das diferen\u00e7as \u00e9 o conector usado para prender o quarto nas varetas, a Viento conta com um tipo de conector pl\u00e1stico que entra na vareta e faz um pequeno giro para travar. Observando a foto abaixo voc\u00ea entender\u00e1 melhor o funcionamento dele.<\/p>\n<p><img loading=\"lazy\" decoding=\"async\" class=\"size-full wp-image-18311 aligncenter\" src=\"https:\/\/geartips.club\/blog\/wp-content\/uploads\/sites\/2\/2022\/07\/detalhe-conector-azteq-viento.jpg\" alt=\"Detalhe conector do quarto da barraca Azteq Viento\" width=\"1024\" height=\"768\" srcset=\"https:\/\/geartips.club\/blog\/wp-content\/uploads\/sites\/2\/2022\/07\/detalhe-conector-azteq-viento.jpg 1024w, https:\/\/geartips.club\/blog\/wp-content\/uploads\/sites\/2\/2022\/07\/detalhe-conector-azteq-viento-300x225.jpg 300w, https:\/\/geartips.club\/blog\/wp-content\/uploads\/sites\/2\/2022\/07\/detalhe-conector-azteq-viento-768x576.jpg 768w\" sizes=\"(max-width: 1024px) 100vw, 1024px\" \/><br \/>\n<span class=\"aligncenter\">O conector que liga o quarto \u00e0s varetas \u00e9 um pouco diferente nesta barraca. Voc\u00ea ir\u00e1 encaixar o conector no meio da vareta e depois faz um pequeno giro para prender ele.<\/span><\/p>\n<p>Outra caracter\u00edstica diferente \u00e9 vareta transversal no topo da barraca. Esse tipo de vareta n\u00e3o \u00e9 uma novidade, mas normalmente n\u00e3o vemos essa vareta na maioria das barracas dispon\u00edveis no Brasil. Alguns usu\u00e1rios podem se atrapalhar um pouco nas primeiras montagens, mas n\u00e3o se preocupe, nada que um pouco de pr\u00e1tica n\u00e3o resolva. Tanto o quarto quanto o sobreteto possuem conectores met\u00e1licos que ser\u00e3o encaixados nesta vareta transversal (foto abaixo).<\/p>\n<p><img loading=\"lazy\" decoding=\"async\" class=\"size-full wp-image-18316 aligncenter\" src=\"https:\/\/geartips.club\/blog\/wp-content\/uploads\/sites\/2\/2022\/07\/barraca-azteq-viento-detalhe-conector-metalico.jpg\" alt=\"Barraca Azteq Viento - Detalhes\" width=\"1024\" height=\"768\" srcset=\"https:\/\/geartips.club\/blog\/wp-content\/uploads\/sites\/2\/2022\/07\/barraca-azteq-viento-detalhe-conector-metalico.jpg 1024w, https:\/\/geartips.club\/blog\/wp-content\/uploads\/sites\/2\/2022\/07\/barraca-azteq-viento-detalhe-conector-metalico-300x225.jpg 300w, https:\/\/geartips.club\/blog\/wp-content\/uploads\/sites\/2\/2022\/07\/barraca-azteq-viento-detalhe-conector-metalico-768x576.jpg 768w\" sizes=\"(max-width: 1024px) 100vw, 1024px\" \/><br \/>\nConector met\u00e1lico que liga o quarto na vareta transversal.<\/p>\n<p>Pequenos conectores met\u00e1licos, similares ao da foto anterior, tamb\u00e9m s\u00e3o usados para interligar o footprint e o quarto nas pontas das varetas. O sobreteto e o quarto se conectam atrav\u00e9s de fivelas pl\u00e1sticas que podem ser ajustadas para aumentar ou reduzir a tens\u00e3o no sobreteto (foto abaixo).<\/p>\n<p><img loading=\"lazy\" decoding=\"async\" class=\"size-full wp-image-18317 aligncenter\" src=\"https:\/\/geartips.club\/blog\/wp-content\/uploads\/sites\/2\/2022\/07\/detalhe-baraca-azteq-viento.jpg\" alt=\"Barraca Azteq Viento\" width=\"1024\" height=\"768\" srcset=\"https:\/\/geartips.club\/blog\/wp-content\/uploads\/sites\/2\/2022\/07\/detalhe-baraca-azteq-viento.jpg 1024w, https:\/\/geartips.club\/blog\/wp-content\/uploads\/sites\/2\/2022\/07\/detalhe-baraca-azteq-viento-300x225.jpg 300w, https:\/\/geartips.club\/blog\/wp-content\/uploads\/sites\/2\/2022\/07\/detalhe-baraca-azteq-viento-768x576.jpg 768w\" sizes=\"(max-width: 1024px) 100vw, 1024px\" \/><br \/>\n<span class=\"aligncenter\">Detalhes das conex\u00f5es do footprint, quarto, sobreteto e a ponta das varetas.<\/span><\/p>\n<p>Falando nisso, uma funcionalidade que a Azteq Viento n\u00e3o possui \u00e9 a possibilidade de montar o sobreteto usando apenas as varetas e o footprint, ou seja, n\u00e3o \u00e9 poss\u00edvel montar a barraca sem o quarto. Para que isso pudesse ser feito seria necess\u00e1rio adicionar fivelas pl\u00e1sticas no footprint para permitir a conex\u00e3o dele com o sobreteto. Inclusive n\u00f3s entramos em contato com a Azteq e comentamos esse detalhe, eles disseram que ir\u00e3o incluir essa mudan\u00e7a nas pr\u00f3ximas vers\u00f5es da Viento. Vale ressaltar que esse recurso n\u00e3o costuma ser t\u00e3o importante, a menos que voc\u00ea seja um usu\u00e1rio que costuma fazer bivaques usando esse tipo de montagem, por\u00e9m ele seria um ponto a mais na lista de qualidades da Viento para os usu\u00e1rios mais t\u00e9cnicos.<\/p>\n<h2>Outras fotos da Azteq Viento<\/h2>\n<div id='gallery-1' class='gallery galleryid-18262 gallery-columns-4 gallery-size-medium'><figure class='gallery-item'>\n\t\t\t<div class='gallery-icon landscape'>\n\t\t\t\t<a href='https:\/\/geartips.club\/blog\/wp-content\/uploads\/sites\/2\/2022\/07\/barraca-azteq-viento-2-pessoas-01.jpg'><img loading=\"lazy\" decoding=\"async\" width=\"300\" height=\"225\" src=\"https:\/\/geartips.club\/blog\/wp-content\/uploads\/sites\/2\/2022\/07\/barraca-azteq-viento-2-pessoas-01-300x225.jpg\" class=\"attachment-medium size-medium\" alt=\"Barraca Azteq Viento\" aria-describedby=\"gallery-1-18359\" srcset=\"https:\/\/geartips.club\/blog\/wp-content\/uploads\/sites\/2\/2022\/07\/barraca-azteq-viento-2-pessoas-01-300x225.jpg 300w, https:\/\/geartips.club\/blog\/wp-content\/uploads\/sites\/2\/2022\/07\/barraca-azteq-viento-2-pessoas-01-768x576.jpg 768w, https:\/\/geartips.club\/blog\/wp-content\/uploads\/sites\/2\/2022\/07\/barraca-azteq-viento-2-pessoas-01.jpg 1024w\" sizes=\"(max-width: 300px) 100vw, 300px\" \/><\/a>\n\t\t\t<\/div>\n\t\t\t\t<figcaption class='wp-caption-text gallery-caption' id='gallery-1-18359'>\n\t\t\t\tAzteq Viento\n\t\t\t\t<\/figcaption><\/figure><figure class='gallery-item'>\n\t\t\t<div class='gallery-icon landscape'>\n\t\t\t\t<a href='https:\/\/geartips.club\/blog\/wp-content\/uploads\/sites\/2\/2022\/07\/barraca-azteq-viento-2-pessoas-02.jpg'><img loading=\"lazy\" decoding=\"async\" width=\"300\" height=\"225\" src=\"https:\/\/geartips.club\/blog\/wp-content\/uploads\/sites\/2\/2022\/07\/barraca-azteq-viento-2-pessoas-02-300x225.jpg\" class=\"attachment-medium size-medium\" alt=\"Barraca Azteq Viento\" aria-describedby=\"gallery-1-18360\" srcset=\"https:\/\/geartips.club\/blog\/wp-content\/uploads\/sites\/2\/2022\/07\/barraca-azteq-viento-2-pessoas-02-300x225.jpg 300w, https:\/\/geartips.club\/blog\/wp-content\/uploads\/sites\/2\/2022\/07\/barraca-azteq-viento-2-pessoas-02-768x576.jpg 768w, https:\/\/geartips.club\/blog\/wp-content\/uploads\/sites\/2\/2022\/07\/barraca-azteq-viento-2-pessoas-02.jpg 1024w\" sizes=\"(max-width: 300px) 100vw, 300px\" \/><\/a>\n\t\t\t<\/div>\n\t\t\t\t<figcaption class='wp-caption-text gallery-caption' id='gallery-1-18360'>\n\t\t\t\tAzteq Viento\n\t\t\t\t<\/figcaption><\/figure><figure class='gallery-item'>\n\t\t\t<div class='gallery-icon landscape'>\n\t\t\t\t<a href='https:\/\/geartips.club\/blog\/wp-content\/uploads\/sites\/2\/2022\/07\/azteq-viento-detalhe-avanco.jpg'><img loading=\"lazy\" decoding=\"async\" width=\"300\" height=\"225\" src=\"https:\/\/geartips.club\/blog\/wp-content\/uploads\/sites\/2\/2022\/07\/azteq-viento-detalhe-avanco-300x225.jpg\" class=\"attachment-medium size-medium\" alt=\"Azteq Viento\" aria-describedby=\"gallery-1-18413\" srcset=\"https:\/\/geartips.club\/blog\/wp-content\/uploads\/sites\/2\/2022\/07\/azteq-viento-detalhe-avanco-300x225.jpg 300w, https:\/\/geartips.club\/blog\/wp-content\/uploads\/sites\/2\/2022\/07\/azteq-viento-detalhe-avanco-768x576.jpg 768w, https:\/\/geartips.club\/blog\/wp-content\/uploads\/sites\/2\/2022\/07\/azteq-viento-detalhe-avanco.jpg 1024w\" sizes=\"(max-width: 300px) 100vw, 300px\" \/><\/a>\n\t\t\t<\/div>\n\t\t\t\t<figcaption class='wp-caption-text gallery-caption' id='gallery-1-18413'>\n\t\t\t\tBarraca Azteq Viento\n\t\t\t\t<\/figcaption><\/figure><figure class='gallery-item'>\n\t\t\t<div class='gallery-icon landscape'>\n\t\t\t\t<a href='https:\/\/geartips.club\/blog\/wp-content\/uploads\/sites\/2\/2022\/07\/barraca-azteq-viento-portas-duplas.jpg'><img loading=\"lazy\" decoding=\"async\" width=\"300\" height=\"225\" src=\"https:\/\/geartips.club\/blog\/wp-content\/uploads\/sites\/2\/2022\/07\/barraca-azteq-viento-portas-duplas-300x225.jpg\" class=\"attachment-medium size-medium\" alt=\"Detalhe das portas duplas da barraca Azteq Viento\" aria-describedby=\"gallery-1-18361\" srcset=\"https:\/\/geartips.club\/blog\/wp-content\/uploads\/sites\/2\/2022\/07\/barraca-azteq-viento-portas-duplas-300x225.jpg 300w, https:\/\/geartips.club\/blog\/wp-content\/uploads\/sites\/2\/2022\/07\/barraca-azteq-viento-portas-duplas-768x576.jpg 768w, https:\/\/geartips.club\/blog\/wp-content\/uploads\/sites\/2\/2022\/07\/barraca-azteq-viento-portas-duplas.jpg 1024w\" sizes=\"(max-width: 300px) 100vw, 300px\" \/><\/a>\n\t\t\t<\/div>\n\t\t\t\t<figcaption class='wp-caption-text gallery-caption' id='gallery-1-18361'>\n\t\t\t\tDetalhe das portas duplas da barraca Azteq Viento\n\t\t\t\t<\/figcaption><\/figure><figure class='gallery-item'>\n\t\t\t<div class='gallery-icon landscape'>\n\t\t\t\t<a href='https:\/\/geartips.club\/blog\/wp-content\/uploads\/sites\/2\/2022\/07\/detalhe-refletivo-porta-barraca-azteq.jpg'><img loading=\"lazy\" decoding=\"async\" width=\"300\" height=\"225\" src=\"https:\/\/geartips.club\/blog\/wp-content\/uploads\/sites\/2\/2022\/07\/detalhe-refletivo-porta-barraca-azteq-300x225.jpg\" class=\"attachment-medium size-medium\" alt=\"Detalhe da porta da Azteq Viento\" aria-describedby=\"gallery-1-18363\" srcset=\"https:\/\/geartips.club\/blog\/wp-content\/uploads\/sites\/2\/2022\/07\/detalhe-refletivo-porta-barraca-azteq-300x225.jpg 300w, https:\/\/geartips.club\/blog\/wp-content\/uploads\/sites\/2\/2022\/07\/detalhe-refletivo-porta-barraca-azteq-768x576.jpg 768w, https:\/\/geartips.club\/blog\/wp-content\/uploads\/sites\/2\/2022\/07\/detalhe-refletivo-porta-barraca-azteq.jpg 1024w\" sizes=\"(max-width: 300px) 100vw, 300px\" \/><\/a>\n\t\t\t<\/div>\n\t\t\t\t<figcaption class='wp-caption-text gallery-caption' id='gallery-1-18363'>\n\t\t\t\tDetalhe da porta da Azteq Viento\n\t\t\t\t<\/figcaption><\/figure><figure class='gallery-item'>\n\t\t\t<div class='gallery-icon landscape'>\n\t\t\t\t<a href='https:\/\/geartips.club\/blog\/wp-content\/uploads\/sites\/2\/2022\/07\/quarto-barraca-azteq-viento.jpg'><img loading=\"lazy\" decoding=\"async\" width=\"300\" height=\"225\" src=\"https:\/\/geartips.club\/blog\/wp-content\/uploads\/sites\/2\/2022\/07\/quarto-barraca-azteq-viento-300x225.jpg\" class=\"attachment-medium size-medium\" alt=\"Quarto em tela da Azteq Viento\" aria-describedby=\"gallery-1-18414\" srcset=\"https:\/\/geartips.club\/blog\/wp-content\/uploads\/sites\/2\/2022\/07\/quarto-barraca-azteq-viento-300x225.jpg 300w, https:\/\/geartips.club\/blog\/wp-content\/uploads\/sites\/2\/2022\/07\/quarto-barraca-azteq-viento-768x576.jpg 768w, https:\/\/geartips.club\/blog\/wp-content\/uploads\/sites\/2\/2022\/07\/quarto-barraca-azteq-viento.jpg 1024w\" sizes=\"(max-width: 300px) 100vw, 300px\" \/><\/a>\n\t\t\t<\/div>\n\t\t\t\t<figcaption class='wp-caption-text gallery-caption' id='gallery-1-18414'>\n\t\t\t\tQuarto em tela da Azteq Viento\n\t\t\t\t<\/figcaption><\/figure><figure class='gallery-item'>\n\t\t\t<div class='gallery-icon landscape'>\n\t\t\t\t<a href='https:\/\/geartips.club\/blog\/wp-content\/uploads\/sites\/2\/2022\/07\/detalhe-vareta-transversal-azteq-viento.jpg'><img loading=\"lazy\" decoding=\"async\" width=\"300\" height=\"225\" src=\"https:\/\/geartips.club\/blog\/wp-content\/uploads\/sites\/2\/2022\/07\/detalhe-vareta-transversal-azteq-viento-300x225.jpg\" class=\"attachment-medium size-medium\" alt=\"Detalhe da pe\u00e7a que conecta a vareta transversal ao resto da estrutura\" aria-describedby=\"gallery-1-18364\" srcset=\"https:\/\/geartips.club\/blog\/wp-content\/uploads\/sites\/2\/2022\/07\/detalhe-vareta-transversal-azteq-viento-300x225.jpg 300w, https:\/\/geartips.club\/blog\/wp-content\/uploads\/sites\/2\/2022\/07\/detalhe-vareta-transversal-azteq-viento-768x576.jpg 768w, https:\/\/geartips.club\/blog\/wp-content\/uploads\/sites\/2\/2022\/07\/detalhe-vareta-transversal-azteq-viento.jpg 1024w\" sizes=\"(max-width: 300px) 100vw, 300px\" \/><\/a>\n\t\t\t<\/div>\n\t\t\t\t<figcaption class='wp-caption-text gallery-caption' id='gallery-1-18364'>\n\t\t\t\tDetalhe da pe\u00e7a que conecta a vareta transversal ao resto da estrutura\n\t\t\t\t<\/figcaption><\/figure><figure class='gallery-item'>\n\t\t\t<div class='gallery-icon landscape'>\n\t\t\t\t<a href='https:\/\/geartips.club\/blog\/wp-content\/uploads\/sites\/2\/2022\/07\/detalhe-espeques-barraca-azteq-viento.jpg'><img loading=\"lazy\" decoding=\"async\" width=\"300\" height=\"225\" src=\"https:\/\/geartips.club\/blog\/wp-content\/uploads\/sites\/2\/2022\/07\/detalhe-espeques-barraca-azteq-viento-300x225.jpg\" class=\"attachment-medium size-medium\" alt=\"Espeques leves da Azteq Viento\" aria-describedby=\"gallery-1-18362\" srcset=\"https:\/\/geartips.club\/blog\/wp-content\/uploads\/sites\/2\/2022\/07\/detalhe-espeques-barraca-azteq-viento-300x225.jpg 300w, https:\/\/geartips.club\/blog\/wp-content\/uploads\/sites\/2\/2022\/07\/detalhe-espeques-barraca-azteq-viento-768x576.jpg 768w, https:\/\/geartips.club\/blog\/wp-content\/uploads\/sites\/2\/2022\/07\/detalhe-espeques-barraca-azteq-viento.jpg 1024w\" sizes=\"(max-width: 300px) 100vw, 300px\" \/><\/a>\n\t\t\t<\/div>\n\t\t\t\t<figcaption class='wp-caption-text gallery-caption' id='gallery-1-18362'>\n\t\t\t\tEspeques leves da Azteq Viento (cerca de 9g cada)\n\t\t\t\t<\/figcaption><\/figure>\n\t\t<\/div>\n\n<h2>Detalhes t\u00e9cnicos da barraca Azteq Viento<\/h2>\n<ul>\n<li><strong>Indicada para:<\/strong> trekking, cicloturismo e camping estruturado;<\/li>\n<li><strong>Capacidade:<\/strong> 2 pessoas;<\/li>\n<li><strong>Sobreteto:<\/strong> Nylon 20D com costuras seladas e duas aberturas de ventila\u00e7\u00e3o;<\/li>\n<li><strong>Coluna d&#8217;\u00e1gua:<\/strong> 6000mm (no piso e sobreteto);<\/li>\n<li><strong>Portas:<\/strong> 2 portas com avan\u00e7os;<\/li>\n<li><strong>Sobreteto:<\/strong> Nylon 20D;<\/li>\n<li><strong>Dormit\u00f3rio:<\/strong> Poli\u00e9ster;<\/li>\n<li><strong>Piso:<\/strong> Poli\u00e9ster 150D;<\/li>\n<li><strong>Varetas:<\/strong> Alum\u00ednio;<\/li>\n<li>Espeques em alum\u00ednio com formato triangular, pesando apenas 9g cada (aproximadamente);<\/li>\n<li>Paredes laterais mais verticais (mais conforto e espa\u00e7o interno);<\/li>\n<li>Quarto feito 100% em tela para melhorar a ventila\u00e7\u00e3o e reduzir a condensa\u00e7\u00e3o;<\/li>\n<li>Rede Porta-objetos (remov\u00edvel) na parte superior do quarto;<\/li>\n<li>Dois bolsos internos para organizar objetos pequenos;<\/li>\n<li>Detalhes refletivos em todos os lados da barraca para melhorar a visibilidade dela;<\/li>\n<li>Acompanha footprint;<\/li>\n<li>Cor: amarelo alaranjado (dispon\u00edvel somente nesta cor).<\/li>\n<\/ul>\n<h2>Conclus\u00e3o<\/h2>\n<p>A Azteq Viento chega para atender os praticantes do trekking, cicloturismo e campismo com a mesma qualidade e acabamento que j\u00e1 s\u00e3o tradicionais nas barracas t\u00e9cnicas da Azteq. Uma barraca espa\u00e7osa, bem acabada e multifuncional que atender\u00e1 quem busca conforto, espa\u00e7o interno, impermeabilidade e ventila\u00e7\u00e3o.<\/p>\n<p>Em breve publicaremos um texto sobre a Azteq Gobi, outra barraca lan\u00e7ada recentemente pela marca. Um modelo compacto e leve para 1 pessoa, com peso abaixo de 1.5Kg e indicada para trekking e cicloturismo.<\/p>\n","protected":false},"excerpt":{"rendered":"<p>Em julho de 2022, a Azteq lan\u00e7ou tr\u00eas novas barracas: Gobi, Viento e Cumbre &#8211; modelos com capacidade para 1, 2 ou 3 pessoas, respectivamente. Neste texto iremos mostrar todos os detalhes da Azteq Viento, uma barraca para 2 pessoas que pode ser usada nos seus trekkings, viagens de bicicleta ou no camping estruturado. A [&hellip;]<\/p>\n","protected":false},"author":1095,"featured_media":18379,"comment_status":"open","ping_status":"closed","sticky":false,"template":"","format":"standard","meta":{"footnotes":""},"categories":[1005,1065,1045],"tags":[1064],"class_list":["post-18262","post","type-post","status-publish","format-standard","has-post-thumbnail","hentry","category-abrigos","category-barraca","category-review","tag-azteq"],"blocksy_meta":[],"_links":{"self":[{"href":"https:\/\/geartips.club\/blog\/wp-json\/wp\/v2\/posts\/18262","targetHints":{"allow":["GET"]}}],"collection":[{"href":"https:\/\/geartips.club\/blog\/wp-json\/wp\/v2\/posts"}],"about":[{"href":"https:\/\/geartips.club\/blog\/wp-json\/wp\/v2\/types\/post"}],"author":[{"embeddable":true,"href":"https:\/\/geartips.club\/blog\/wp-json\/wp\/v2\/users\/1095"}],"replies":[{"embeddable":true,"href":"https:\/\/geartips.club\/blog\/wp-json\/wp\/v2\/comments?post=18262"}],"version-history":[{"count":0,"href":"https:\/\/geartips.club\/blog\/wp-json\/wp\/v2\/posts\/18262\/revisions"}],"wp:featuredmedia":[{"embeddable":true,"href":"https:\/\/geartips.club\/blog\/wp-json\/wp\/v2\/media\/18379"}],"wp:attachment":[{"href":"https:\/\/geartips.club\/blog\/wp-json\/wp\/v2\/media?parent=18262"}],"wp:term":[{"taxonomy":"category","embeddable":true,"href":"https:\/\/geartips.club\/blog\/wp-json\/wp\/v2\/categories?post=18262"},{"taxonomy":"post_tag","embeddable":true,"href":"https:\/\/geartips.club\/blog\/wp-json\/wp\/v2\/tags?post=18262"}],"curies":[{"name":"wp","href":"https:\/\/api.w.org\/{rel}","templated":true}]}}