{"id":2157,"date":"2017-12-07T11:03:07","date_gmt":"2017-12-07T14:03:07","guid":{"rendered":"https:\/\/geartips.com.br\/?p=2157"},"modified":"2023-05-11T14:33:38","modified_gmt":"2023-05-11T17:33:38","slug":"check-list-de-acampamento-e-caminhada-com-criancas","status":"publish","type":"post","link":"https:\/\/geartips.club\/blog\/check-list-de-acampamento-e-caminhada-com-criancas\/","title":{"rendered":"Check List de Acampamento e Caminhada com Crian\u00e7as"},"content":{"rendered":"<div class='embed-container'> <iframe src=\"https:\/\/www.youtube.com\/embed\/bLA5N9N1ig8\" frameborder=\"0\" allowfullscreen=\"allowfullscreen\"><\/iframe><\/div>\n<h2>Check List de Acampamento e Caminhada com Crian\u00e7as<\/h2>\n<p>Se voc\u00ea gosta de fazer <strong>acampamento e caminhada com crian\u00e7as<\/strong>, este check list \u00e9 para voc\u00ea!<\/p>\n<p>Uma d\u00favida frequente \u00e9: O que levar para meu filho ou filha? Bom, na minha opini\u00e3o, o fundamental \u00e9 deixar nossos filhos participarem, inclusive levando sua pr\u00f3pria mochila!<\/p>\n<p>O Mateus tem uma mochila cargueira infantil da Deuter, a Fox 30, e nela ele leva todos os seus itens pessoais. Pode at\u00e9 parecer que fica pesado, mas com uma estrutura de transfer\u00eancia de carga como nas mochilas para adultos, ela fica super confort\u00e1vel. Claro que, em caminhadas mais longas ou em terrenos mais acidentados, eu transfiro parte do peso da mochila dele para a minha.<\/p>\n<p>Por\u00e9m, o importante \u00e9 deixar seus filhos participarem. Para que se sintam envolvidos na atividade!<\/p>\n<p>O <strong>check list<\/strong> que disponibilizamos para download nos links abaixo foi de um <strong>acampamento e caminhada com crian\u00e7as<\/strong>\u00a0em\u00a0 Salinas, no Parque Estadual dos Tr\u00eas Picos, no Rio de Janeiro. Foram 3 dias no total (sendo 2 dias acampando).<\/p>\n<h4 style=\"text-align: center;\"><i class=\"fa fa-file-pdf-o\" aria-hidden=\"true\"><\/i>\u00a0C<strong>heck List<\/strong>\u00a0do Mateus (CRIAN\u00c7A) em PDF, <a href=\"https:\/\/geartips.club\/blog\/wp-content\/uploads\/sites\/2\/2017\/12\/Gear-Tips-Check-List-para-Acampamento-com-Crianc%CC%A7a-3-Dias-Mateus.pdf\" target=\"_blank\" rel=\"noopener\">acesse aqui<\/a>!<\/h4>\n<p>Todo o restante (barraca, comida, fogareiro e etc) foi dividido entre a Laura e eu. Se voc\u00ea quer baixar nossos check lists, preencha o formul\u00e1rio do link abaixo, para que possamos envi\u00e1-los por e-mail!<\/p>\n<h4 style=\"text-align: center;\"><i class=\"fa fa-file-pdf-o\" aria-hidden=\"true\"><\/i> <strong>Check List da Laura (M\u00c3E)<\/strong>\u00a0em PDF, <a href=\"https:\/\/geartips.club\/blog\/wp-content\/uploads\/sites\/2\/2018\/01\/Gear-Tips-Check-List-para-Acampamento-com-Crianc%CC%A7a-3-Dias-Laura.pdf\" target=\"_blank\" rel=\"noopener\">acesse aqui<\/a>!<\/h4>\n<h4 style=\"text-align: center;\"><i class=\"fa fa-file-pdf-o\" aria-hidden=\"true\"><\/i><strong>\u00a0Check List do Pedro (PAI)<\/strong>\u00a0em PDF, <a href=\"https:\/\/geartips.club\/blog\/wp-content\/uploads\/sites\/2\/2018\/01\/Gear-Tips-Check-List-para-Acampamento-com-Crianc%CC%A7a-3-Dias-Pedro.pdf\">acesse aqui<\/a>!<\/h4>\n<p>Se voc\u00ea quer saber mais sobre\u00a0<strong>acampamento e caminhada com crian\u00e7as<\/strong>, mande um e-mail para n\u00f3s ou deixe um coment\u00e1rio aqui com suas d\u00favidas!<\/p>\n<hr \/>\n<ul>\n<li><a href=\"https:\/\/geartips.club\/cadastre-se\/\" rel=\"noopener\">Cadastre-se aqui<\/a> para receber direto no seu e-mail as informa\u00e7\u00f5es sobre novos posts e v\u00eddeos.<\/li>\n<li>E n\u00e3o deixe de assinar nosso <a href=\"https:\/\/www.youtube.com\/channel\/UC8ZDkuNI-bqilBMXS-eNWNQ\" target=\"_blank\" rel=\"noopener\">Canal no YouTube<\/a>!<\/li>\n<\/ul>\n","protected":false},"excerpt":{"rendered":"<p>Check List de Acampamento e Caminhada com Crian\u00e7as Se voc\u00ea gosta de fazer acampamento e caminhada com crian\u00e7as, este check list \u00e9 para voc\u00ea! Uma d\u00favida frequente \u00e9: O que levar para meu filho ou filha? Bom, na minha opini\u00e3o, o fundamental \u00e9 deixar nossos filhos participarem, inclusive levando sua pr\u00f3pria mochila! O Mateus tem [&hellip;]<\/p>\n","protected":false},"author":1096,"featured_media":2158,"comment_status":"open","ping_status":"open","sticky":false,"template":"","format":"standard","meta":{"footnotes":""},"categories":[1012,1062,1018,1020,1027],"tags":[1134],"class_list":["post-2157","post","type-post","status-publish","format-standard","has-post-thumbnail","hentry","category-acampamento","category-criancas","category-dicas","category-equipamentos","category-hiking-e-trekking","tag-checklist"],"blocksy_meta":[],"_links":{"self":[{"href":"https:\/\/geartips.club\/blog\/wp-json\/wp\/v2\/posts\/2157","targetHints":{"allow":["GET"]}}],"collection":[{"href":"https:\/\/geartips.club\/blog\/wp-json\/wp\/v2\/posts"}],"about":[{"href":"https:\/\/geartips.club\/blog\/wp-json\/wp\/v2\/types\/post"}],"author":[{"embeddable":true,"href":"https:\/\/geartips.club\/blog\/wp-json\/wp\/v2\/users\/1096"}],"replies":[{"embeddable":true,"href":"https:\/\/geartips.club\/blog\/wp-json\/wp\/v2\/comments?post=2157"}],"version-history":[{"count":0,"href":"https:\/\/geartips.club\/blog\/wp-json\/wp\/v2\/posts\/2157\/revisions"}],"wp:featuredmedia":[{"embeddable":true,"href":"https:\/\/geartips.club\/blog\/wp-json\/wp\/v2\/media\/2158"}],"wp:attachment":[{"href":"https:\/\/geartips.club\/blog\/wp-json\/wp\/v2\/media?parent=2157"}],"wp:term":[{"taxonomy":"category","embeddable":true,"href":"https:\/\/geartips.club\/blog\/wp-json\/wp\/v2\/categories?post=2157"},{"taxonomy":"post_tag","embeddable":true,"href":"https:\/\/geartips.club\/blog\/wp-json\/wp\/v2\/tags?post=2157"}],"curies":[{"name":"wp","href":"https:\/\/api.w.org\/{rel}","templated":true}]}}