{"id":32053,"date":"2025-02-24T17:46:03","date_gmt":"2025-02-24T20:46:03","guid":{"rendered":"https:\/\/geartips.club\/blog\/?p=32053"},"modified":"2025-02-24T17:47:19","modified_gmt":"2025-02-24T20:47:19","slug":"outdoor-by-ispo-pausa-em-2025","status":"publish","type":"post","link":"https:\/\/geartips.club\/blog\/outdoor-by-ispo-pausa-em-2025\/","title":{"rendered":"OutDoor by ISPO: pausa em 2025 e o impacto no mercado outdoor global"},"content":{"rendered":"<p>A <a href=\"https:\/\/theoutdoor.show\/\" target=\"_blank\" title=\"Feira OutDoor\" rel=\"noopener\">OutDoor<\/a>, principal feira do mercado outdoor global, anunciou uma pausa em sua edi\u00e7\u00e3o de 2025. A decis\u00e3o tomada pela European Outdoor Group (EOG) e pela Messe M\u00fcnchen, organizadora do evento, foi descrita como &#8220;corajosa e l\u00f3gica&#8221;, diante da baixa ades\u00e3o de expositores e visitantes. O objetivo declarado \u00e9 usar o ano de 2025 como um per\u00edodo de reestrutura\u00e7\u00e3o, visando um retorno mais forte em 2026.<\/p>\n<p><img fetchpriority=\"high\" decoding=\"async\" src=\"https:\/\/geartips.club\/blog\/wp-content\/uploads\/sites\/2\/2025\/02\/feira-outdoor-ispo-europa.webp\" alt=\"Feira OutDoor ISPO Europa\" width=\"900\" height=\"554\" class=\"aligncenter size-full wp-image-32055\" srcset=\"https:\/\/geartips.club\/blog\/wp-content\/uploads\/sites\/2\/2025\/02\/feira-outdoor-ispo-europa.webp 900w, https:\/\/geartips.club\/blog\/wp-content\/uploads\/sites\/2\/2025\/02\/feira-outdoor-ispo-europa-300x185.webp 300w, https:\/\/geartips.club\/blog\/wp-content\/uploads\/sites\/2\/2025\/02\/feira-outdoor-ispo-europa-768x473.webp 768w\" sizes=\"(max-width: 900px) 100vw, 900px\" \/><\/p>\n<p class=\"imagem-nota\">Foto: Messe M\u00fcnchen GmbH<\/p>\n<p>Essa not\u00edcia marca mais um cap\u00edtulo na transforma\u00e7\u00e3o do mercado outdoor, que vem passando por mudan\u00e7as significativas nos \u00faltimos anos. Como participante da feira desde 2001, em sua \u00e9poca em Friedrichshafen, acompanhei de perto o papel central que a OutDoor desempenhou na ind\u00fastria. O evento era o ponto de encontro anual para marcas, distribuidores, imprensa especializada e outros players do setor, onde eram apresentados os lan\u00e7amentos e tend\u00eancias para o pr\u00f3ximo ano.<\/p>\n<p><img decoding=\"async\" src=\"https:\/\/geartips.club\/blog\/wp-content\/uploads\/sites\/2\/2025\/02\/estande-deuter-ispo-outdoor-2002.webp\" alt=\"Estande da Deuter na Feira Outdoor 2002\" width=\"900\" height=\"608\" class=\"aligncenter size-full wp-image-32058\" srcset=\"https:\/\/geartips.club\/blog\/wp-content\/uploads\/sites\/2\/2025\/02\/estande-deuter-ispo-outdoor-2002.webp 900w, https:\/\/geartips.club\/blog\/wp-content\/uploads\/sites\/2\/2025\/02\/estande-deuter-ispo-outdoor-2002-300x203.webp 300w, https:\/\/geartips.club\/blog\/wp-content\/uploads\/sites\/2\/2025\/02\/estande-deuter-ispo-outdoor-2002-768x519.webp 768w\" sizes=\"(max-width: 900px) 100vw, 900px\" \/><\/p>\n<p class=\"imagem-nota\">Estande Deuter \u2013 OutDoor 2002<\/p>\n<p>O ciclo tradicional da ind\u00fastria funcionava de forma bem definida: em maio, as marcas apresentavam seus produtos aos distribuidores internacionais, e em junho ou julho, a OutDoor oficializava esses lan\u00e7amentos, proporcionando aos lojistas, distribuidores e \u00e0 m\u00eddia especializada o primeiro contato com as novidades. A partir da feira, atletas e embaixadores das marcas come\u00e7avam a usar os novos produtos e, finalmente, entre janeiro e fevereiro, as novidades chegavam \u00e0s lojas, fechando o ciclo com o consumidor final.<\/p>\n<p><img decoding=\"async\" src=\"https:\/\/geartips.club\/blog\/wp-content\/uploads\/sites\/2\/2025\/02\/estande-deuter-outdoor-2014.webp\" alt=\"Estande da Deuter na feira OutDoor em 2014\" width=\"900\" height=\"600\" class=\"aligncenter size-full wp-image-32061\" srcset=\"https:\/\/geartips.club\/blog\/wp-content\/uploads\/sites\/2\/2025\/02\/estande-deuter-outdoor-2014.webp 900w, https:\/\/geartips.club\/blog\/wp-content\/uploads\/sites\/2\/2025\/02\/estande-deuter-outdoor-2014-300x200.webp 300w, https:\/\/geartips.club\/blog\/wp-content\/uploads\/sites\/2\/2025\/02\/estande-deuter-outdoor-2014-768x512.webp 768w\" sizes=\"(max-width: 900px) 100vw, 900px\" \/><\/p>\n<p class=\"imagem-nota\">Estande Deuter \u2013 OutDoor 2014<\/p>\n<p>O mesmo acontecia no Brasil e em outros pa\u00edses, onde feiras como a Adventure Sports Fair tinham como um dos objetivos apresentar a nova cole\u00e7\u00e3o das marcas para o mercado local \u2013 neste caso, o mercado brasileiro. Revistas que, infelizmente, n\u00e3o existem mais tinham o papel de disseminar os lan\u00e7amentos para o resto do pa\u00eds. <\/p>\n<p>Esse modelo come\u00e7ou a enfraquecer antes mesmo da pandemia de COVID-19, impulsionado pelo crescimento das vendas diretas ao consumidor (D2C) e pela redu\u00e7\u00e3o dos investimentos em m\u00eddia especializada, feiras regionais e internacionais.<\/p>\n<p><img loading=\"lazy\" decoding=\"async\" src=\"https:\/\/geartips.club\/blog\/wp-content\/uploads\/sites\/2\/2025\/02\/adventure-sports-fair-sao-paulo-2002.webp\" alt=\"Feira Adventure Sports Fair 2002 - S\u00e3o Paulo\" width=\"900\" height=\"608\" class=\"aligncenter size-full wp-image-32065\" srcset=\"https:\/\/geartips.club\/blog\/wp-content\/uploads\/sites\/2\/2025\/02\/adventure-sports-fair-sao-paulo-2002.webp 900w, https:\/\/geartips.club\/blog\/wp-content\/uploads\/sites\/2\/2025\/02\/adventure-sports-fair-sao-paulo-2002-300x203.webp 300w, https:\/\/geartips.club\/blog\/wp-content\/uploads\/sites\/2\/2025\/02\/adventure-sports-fair-sao-paulo-2002-768x519.webp 768w\" sizes=\"(max-width: 900px) 100vw, 900px\" \/><\/p>\n<p class=\"imagem-nota\">Estandes das marcas Vaude, Kampa e Deuter na Adventure Sports Fair 2002 \u2013 S\u00e3o Paulo<\/p>\n<p>A pandemia acelerou esse processo, obrigando as marcas a realizarem lan\u00e7amentos online, reduzindo custos de participa\u00e7\u00e3o em eventos f\u00edsicos. Contudo, o impacto a longo prazo dessa mudan\u00e7a ainda \u00e9 motivo de debate. Embora o formato digital ofere\u00e7a economia, ele n\u00e3o substitui completamente o networking e as oportunidades de neg\u00f3cios proporcionadas por encontros presenciais. A queda no faturamento de grandes marcas nos \u00faltimos anos levanta a quest\u00e3o: ser\u00e1 que o abandono do ciclo tradicional feriu o mercado de forma irrevers\u00edvel?<\/p>\n<p><img loading=\"lazy\" decoding=\"async\" src=\"https:\/\/geartips.club\/blog\/wp-content\/uploads\/sites\/2\/2025\/02\/estande-deuter-asf-sao-paulo-2018-1.webp\" alt=\"Estande da Deuter na Adventure Sports Fair 2018\" width=\"900\" height=\"675\" class=\"aligncenter size-full wp-image-32089\" srcset=\"https:\/\/geartips.club\/blog\/wp-content\/uploads\/sites\/2\/2025\/02\/estande-deuter-asf-sao-paulo-2018-1.webp 900w, https:\/\/geartips.club\/blog\/wp-content\/uploads\/sites\/2\/2025\/02\/estande-deuter-asf-sao-paulo-2018-1-300x225.webp 300w, https:\/\/geartips.club\/blog\/wp-content\/uploads\/sites\/2\/2025\/02\/estande-deuter-asf-sao-paulo-2018-1-768x576.webp 768w\" sizes=\"(max-width: 900px) 100vw, 900px\" \/><\/p>\n<p class=\"imagem-nota\">Estande Deuter na Adventure Sports Fair 2018 \u2013 S\u00e3o Paulo<\/p>\n<p><img loading=\"lazy\" decoding=\"async\" src=\"https:\/\/geartips.club\/blog\/wp-content\/uploads\/sites\/2\/2025\/02\/estande-deuter-asf-sao-paulo-2018-01.webp\" alt=\"Estande da Deuter na Adventure Sports Fair 2018\" width=\"900\" height=\"675\" class=\"aligncenter size-full wp-image-32072\" srcset=\"https:\/\/geartips.club\/blog\/wp-content\/uploads\/sites\/2\/2025\/02\/estande-deuter-asf-sao-paulo-2018-01.webp 900w, https:\/\/geartips.club\/blog\/wp-content\/uploads\/sites\/2\/2025\/02\/estande-deuter-asf-sao-paulo-2018-01-300x225.webp 300w, https:\/\/geartips.club\/blog\/wp-content\/uploads\/sites\/2\/2025\/02\/estande-deuter-asf-sao-paulo-2018-01-768x576.webp 768w\" sizes=\"(max-width: 900px) 100vw, 900px\" \/><\/p>\n<p class=\"imagem-nota\">Estande Deuter na Adventure Sports Fair 2018 \u2013 S\u00e3o Paulo<\/p>\n<p><img loading=\"lazy\" decoding=\"async\" src=\"https:\/\/geartips.club\/blog\/wp-content\/uploads\/sites\/2\/2025\/02\/lancamento-linha-deuter-2019-asf-2018.webp\" alt=\"Lan\u00e7amento da Cole\u00e7\u00e3o Deuter 2019 na Adventure Sports Fair 2018\" width=\"1024\" height=\"440\" class=\"aligncenter size-full wp-image-32075\" srcset=\"https:\/\/geartips.club\/blog\/wp-content\/uploads\/sites\/2\/2025\/02\/lancamento-linha-deuter-2019-asf-2018.webp 1024w, https:\/\/geartips.club\/blog\/wp-content\/uploads\/sites\/2\/2025\/02\/lancamento-linha-deuter-2019-asf-2018-300x129.webp 300w, https:\/\/geartips.club\/blog\/wp-content\/uploads\/sites\/2\/2025\/02\/lancamento-linha-deuter-2019-asf-2018-768x330.webp 768w\" sizes=\"(max-width: 1024px) 100vw, 1024px\" \/><\/p>\n<p class=\"imagem-nota\">Lan\u00e7amento da Cole\u00e7\u00e3o Deuter 2019 na Adventure Sports Fair 2018 \u2013 S\u00e3o Paulo<\/p>\n<p>Outro fator que, na minha opini\u00e3o, contribuiu para essa transforma\u00e7\u00e3o foi a aquisi\u00e7\u00e3o de empresas originalmente fundadas por entusiastas do mercado outdoor por grandes corpora\u00e7\u00f5es focadas em resultados financeiros. Esse movimento alterou a cultura do setor, reduzindo investimentos em projetos de conserva\u00e7\u00e3o ambiental, atletas e influenciadores aut\u00eanticos, que antes desempenhavam um papel essencial na promo\u00e7\u00e3o das atividades ao ar livre.<\/p>\n<p>Apenas como exemplos, podemos citar a CamelBak e a Marmot, duas marcas americanas que passaram por diversas aquisi\u00e7\u00f5es ao longo dos anos. A Marmot foi adquirida em 2004 pela K2 Sports, que, em 2007, foi comprada pela Jarden Corporation. Posteriormente, em 2016, a Jarden foi incorporada pela Newell Rubbermaid. J\u00e1 a CamelBak teve sua primeira aquisi\u00e7\u00e3o em 1996 pelo Kransco Group, seguida pela Bear Stearns Merchant Banking em 2004, pela Compass Diversified Holdings em 2010 e, em 2015, pela Vista Outdoor. Em 2023, a Vista Outdoor reestruturou suas opera\u00e7\u00f5es e criou a Revelyst, Inc., que passou a abrigar a tradicional marca de hidrata\u00e7\u00e3o, al\u00e9m de outras marcas do mercado de ciclismo, como Bell e Giro.<\/p>\n<p>Apesar da pausa da OutDoor em 2025, o setor ainda ter\u00e1 duas oportunidades importantes para networking e troca de informa\u00e7\u00f5es: o Sustainability Hub, promovido pela EOG na ISPO Munich 2025, e a nova Sustainability Conference, prevista para o per\u00edodo originalmente destinado \u00e0 OutDoor by ISPO. Al\u00e9m disso, a parceria estrat\u00e9gica entre a EOG e a Messe M\u00fcnchen busca fortalecer a ISPO Munich como a principal plataforma global para a ind\u00fastria de esportes e outdoor.<\/p>\n<p>O futuro da OutDoor depender\u00e1 da capacidade dos organizadores em desenvolver formatos que ofere\u00e7am valor real aos participantes. O ano de 2025 ser\u00e1 crucial para reavaliar o papel das feiras f\u00edsicas em um mercado cada vez mais digitalizado. A pausa n\u00e3o deve ser vista apenas como um rev\u00e9s, mas como uma oportunidade para repensar o modelo de eventos do setor, equilibrando a efici\u00eancia do online com o poder das conex\u00f5es presenciais.<\/p>\n<p>Resta saber se, em 2026, a OutDoor conseguir\u00e1 reconquistar seu papel como o ponto de partida da nova temporada e o cora\u00e7\u00e3o do mercado outdoor global. O desafio est\u00e1 lan\u00e7ado.<\/p>\n<p><strong>Para saber mais, leia o press release com a not\u00edcia da pausa da OutDoor:<\/strong> <a href=\"https:\/\/www.ispo.com\/en\/press\/press-releases\/eog-and-messe-munchen-decide-pause-outdoor-2025\" target=\"_blank\" title=\"Press Release Feira OutDoor 2025\" rel=\"noopener\">https:\/\/www.ispo.com\/en\/press\/press-releases\/eog-and-messe-munchen-decide-pause-outdoor-2025<\/a><\/p>\n","protected":false},"excerpt":{"rendered":"<p>A OutDoor, principal feira do mercado outdoor global, anunciou uma pausa em sua edi\u00e7\u00e3o de 2025. A decis\u00e3o tomada pela European Outdoor Group (EOG) e pela Messe M\u00fcnchen, organizadora do evento, foi descrita como &#8220;corajosa e l\u00f3gica&#8221;, diante da baixa ades\u00e3o de expositores e visitantes. O objetivo declarado \u00e9 usar o ano de 2025 como [&hellip;]<\/p>\n","protected":false},"author":1096,"featured_media":32078,"comment_status":"open","ping_status":"closed","sticky":false,"template":"","format":"standard","meta":{"footnotes":""},"categories":[1037,1108],"tags":[1199,1366],"class_list":["post-32053","post","type-post","status-publish","format-standard","has-post-thumbnail","hentry","category-noticias","category-eventos","tag-eventos","tag-ispo"],"blocksy_meta":[],"_links":{"self":[{"href":"https:\/\/geartips.club\/blog\/wp-json\/wp\/v2\/posts\/32053","targetHints":{"allow":["GET"]}}],"collection":[{"href":"https:\/\/geartips.club\/blog\/wp-json\/wp\/v2\/posts"}],"about":[{"href":"https:\/\/geartips.club\/blog\/wp-json\/wp\/v2\/types\/post"}],"author":[{"embeddable":true,"href":"https:\/\/geartips.club\/blog\/wp-json\/wp\/v2\/users\/1096"}],"replies":[{"embeddable":true,"href":"https:\/\/geartips.club\/blog\/wp-json\/wp\/v2\/comments?post=32053"}],"version-history":[{"count":4,"href":"https:\/\/geartips.club\/blog\/wp-json\/wp\/v2\/posts\/32053\/revisions"}],"predecessor-version":[{"id":32093,"href":"https:\/\/geartips.club\/blog\/wp-json\/wp\/v2\/posts\/32053\/revisions\/32093"}],"wp:featuredmedia":[{"embeddable":true,"href":"https:\/\/geartips.club\/blog\/wp-json\/wp\/v2\/media\/32078"}],"wp:attachment":[{"href":"https:\/\/geartips.club\/blog\/wp-json\/wp\/v2\/media?parent=32053"}],"wp:term":[{"taxonomy":"category","embeddable":true,"href":"https:\/\/geartips.club\/blog\/wp-json\/wp\/v2\/categories?post=32053"},{"taxonomy":"post_tag","embeddable":true,"href":"https:\/\/geartips.club\/blog\/wp-json\/wp\/v2\/tags?post=32053"}],"curies":[{"name":"wp","href":"https:\/\/api.w.org\/{rel}","templated":true}]}}