{"id":32624,"date":"2025-04-02T10:00:56","date_gmt":"2025-04-02T13:00:56","guid":{"rendered":"https:\/\/geartips.club\/blog\/?p=32624"},"modified":"2025-04-02T10:09:43","modified_gmt":"2025-04-02T13:09:43","slug":"10-trilhas-unidades-conservacao-brasil-feriado","status":"publish","type":"post","link":"https:\/\/geartips.club\/blog\/10-trilhas-unidades-conservacao-brasil-feriado\/","title":{"rendered":"10 Trilhas em Unidades de Conserva\u00e7\u00e3o do Brasil para fazer em um feriado"},"content":{"rendered":"<p>Para os apaixonados por ecoturismo e turismo de aventura, os feriados s\u00e3o sempre uma excelente oportunidade para viajar e aproveitar momentos de conex\u00e3o com a natureza. De acordo com uma <a href=\"https:\/\/semeia.org.br\/biblioteca\/publicacoes\/parques-do-brasil-percepcoes-da-populacao-2024\/\" target=\"_blank\" title=\"Pesquisa do Instituto Semeia sobre os Parques do Brasil\" rel=\"noopener\">pesquisa recente do Instituto Semeia<\/a>, as trilhas est\u00e3o entre as atividades mais buscadas pelos praticantes, representando o interesse de 36% dos visitantes de unidades de conserva\u00e7\u00e3o.<\/p>\n<p>O Brasil, al\u00e9m de ser um pa\u00eds rico em biodiversidade, tamb\u00e9m \u00e9 generoso na quantidade de feriados, com uma m\u00e9dia de 4 a 6 feriados prolongados por ano. E como somos, segundo a Forbes, o <a href=\"https:\/\/www.gov.br\/turismo\/pt-br\/assuntos\/noticias\/forbes-aponta-brasil-como-melhor-pais-do-mundo-para-ecoturismo\" target=\"_blank\" title=\"Forbes indica o Brasil como melhor pa\u00eds para praticar ecoturismo\" rel=\"noopener\">melhor pa\u00eds para a pr\u00e1tica de ecoturismo no mundo<\/a>, temos a combina\u00e7\u00e3o perfeita para mergulhar de cabe\u00e7a nessa atividade.<\/p>\n<p>Pensando nisso, separei 10 op\u00e7\u00f5es de trilhas, com diferentes n\u00edveis de dificuldade e experi\u00eancias, para te ajudar a escolher a pr\u00f3xima aventura. Vamos nessa?<\/p>\n<h2>1. Cal\u00e7ada do Lorena<\/h2>\n<p><img fetchpriority=\"high\" decoding=\"async\" src=\"https:\/\/geartips.club\/blog\/wp-content\/uploads\/sites\/2\/2025\/03\/foto-1-acervo-projeto-parques-nacionais.webp\" alt=\"Placa informativa na trilha da Cal\u00e7ada do Lorena  - acervo Projeto Parques Nacionais\" width=\"1024\" height=\"768\" class=\"aligncenter size-full wp-image-32636\" srcset=\"https:\/\/geartips.club\/blog\/wp-content\/uploads\/sites\/2\/2025\/03\/foto-1-acervo-projeto-parques-nacionais.webp 1024w, https:\/\/geartips.club\/blog\/wp-content\/uploads\/sites\/2\/2025\/03\/foto-1-acervo-projeto-parques-nacionais-300x225.webp 300w, https:\/\/geartips.club\/blog\/wp-content\/uploads\/sites\/2\/2025\/03\/foto-1-acervo-projeto-parques-nacionais-768x576.webp 768w\" sizes=\"(max-width: 1024px) 100vw, 1024px\" \/><\/p>\n<p class=\"imagem-nota\">Foto: Placa informativa &#8211; acervo Projeto Parques Nacionais<\/p>\n<p>Localizada na regi\u00e3o metropolitana de S\u00e3o Paulo, no munic\u00edpio de S\u00e3o Bernardo do Campo, a Cal\u00e7ada do Lorena \u00e9 uma trilha de 3,5 km que atravessa o Parque Estadual da Serra do Mar, especificamente no n\u00facleo Caminhos do Mar.<\/p>\n<p>Em meio \u00e0 exuberante Mata Atl\u00e2ntica, a trilha \u00e9 composta por trechos pavimentados com pedras que datam do s\u00e9culo XVIII. Trata-se do primeiro caminho pavimentado que conectava o planalto ao litoral paulista, sendo utilizado no per\u00edodo colonial para o transporte de mercadorias.<br \/>\nIdeal para iniciantes, a trilha \u00e9 bem demarcada, relativamente curta e oferece a op\u00e7\u00e3o de retorno pela antiga Estrada Velha de Santos \u2014 a primeira rodovia revestida de concreto do Brasil \u2014, que passa por monumentos hist\u00f3ricos datados de 1922.<\/p>\n<p>Essa trilha oferece uma experi\u00eancia \u00fanica ao combinar a rica natureza da Serra do Mar com a hist\u00f3ria do pa\u00eds.<\/p>\n<p><img decoding=\"async\" src=\"https:\/\/geartips.club\/blog\/wp-content\/uploads\/sites\/2\/2025\/03\/foto-2-acervo-projeto-parques-nacionais.webp\" alt=\"Trilha Cal\u00e7ada do Lorena\" width=\"1024\" height=\"682\" class=\"aligncenter size-full wp-image-32637\" srcset=\"https:\/\/geartips.club\/blog\/wp-content\/uploads\/sites\/2\/2025\/03\/foto-2-acervo-projeto-parques-nacionais.webp 1024w, https:\/\/geartips.club\/blog\/wp-content\/uploads\/sites\/2\/2025\/03\/foto-2-acervo-projeto-parques-nacionais-300x200.webp 300w, https:\/\/geartips.club\/blog\/wp-content\/uploads\/sites\/2\/2025\/03\/foto-2-acervo-projeto-parques-nacionais-768x512.webp 768w\" sizes=\"(max-width: 1024px) 100vw, 1024px\" \/><\/p>\n<p class=\"imagem-nota\"> Foto: Caminhando pela Cal\u00e7ada &#8211; acervo Projeto Parques Nacionais<\/p>\n<div class=\"caixa\">\n<strong>Mais informa\u00e7\u00f5es:<\/strong><\/p>\n<ul>\n<li><a href=\"https:\/\/caminhosdomar.com.br\/o-parque\/\" target=\"_blank\" title=\"Caminhos do mar - Cal\u00e7ada do lorena\" rel=\"noopener\">Caminhos do Mar<\/a><\/li>\n<li><a href=\"https:\/\/youtu.be\/TleLPpOCmkE?si=tNbgzld2oDmzzala\" target=\"_blank\" title=\"Webs\u00e9rie Parque Caminhos do Mar\" rel=\"noopener\">YouTube &#8211; Webs\u00e9rie Parque Caminhos do Mar &#8211; P. 02 &#8211; Caminhos Fascinantes &#8211; Estrada Velha de Santos<\/a><\/li>\n<\/ul>\n<\/div>\n<p><\/p>\n<h2 style=\"margin-top:50px\">2. Pedra do Altar + Circuito dos Cinco Lagos (opcional)<\/h2>\n<p><img decoding=\"async\" src=\"https:\/\/geartips.club\/blog\/wp-content\/uploads\/sites\/2\/2025\/03\/foto-3-acervo-projeto-parques-nacionais.webp\" alt=\"Pedra do Altar - Parque Nacional do Itatiaia\" width=\"1024\" height=\"683\" class=\"aligncenter size-full wp-image-32638\" srcset=\"https:\/\/geartips.club\/blog\/wp-content\/uploads\/sites\/2\/2025\/03\/foto-3-acervo-projeto-parques-nacionais.webp 1024w, https:\/\/geartips.club\/blog\/wp-content\/uploads\/sites\/2\/2025\/03\/foto-3-acervo-projeto-parques-nacionais-300x200.webp 300w, https:\/\/geartips.club\/blog\/wp-content\/uploads\/sites\/2\/2025\/03\/foto-3-acervo-projeto-parques-nacionais-768x512.webp 768w\" sizes=\"(max-width: 1024px) 100vw, 1024px\" \/><\/p>\n<p class=\"imagem-nota\">Foto: Pedra do Altar &#8211; acervo Projeto Parques Nacionais<\/p>\n<p>A Pedra do Altar \u00e9 uma das trilhas mais emblem\u00e1ticas da parte alta do <a href=\"https:\/\/geartips.club\/blog\/15-trilhas-no-parque-nacional-do-itatiaia\/\" target=\"_blank\" title=\"Conhe\u00e7a outras trilhas no Parque Nacional do Itatiaia\">Parque Nacional do Itatiaia<\/a>, localizado na divisa entre os estados do Rio de Janeiro e Minas Gerais, especificamente nos munic\u00edpios de Itatiaia (RJ) e Itamonte (MG).<\/p>\n<p>A trilha tem in\u00edcio na portaria da parte alta, tamb\u00e9m conhecida como Posto Marc\u00e3o, e segue em dire\u00e7\u00e3o ao Abrigo Rebou\u00e7as. O percurso come\u00e7a com um leve declive pela estrada, e j\u00e1 nesse trecho \u00e9 poss\u00edvel admirar uma vista espetacular do Morro do Couto, do Agulhas Negras e da pr\u00f3pria Pedra do Altar, formando uma paisagem montanhosa de tirar o f\u00f4lego que parece quase irreal.<\/p>\n<p>A partir do Abrigo Rebou\u00e7as, s\u00e3o mais 3 km at\u00e9 o cume da Pedra do Altar. O segundo trecho da trilha, que passa pela base do Agulhas Negras, \u00e9 marcado por um aclive constante. \u00c0 medida que a altitude aumenta, as paisagens v\u00e3o se transformando e a vastid\u00e3o do planalto vai prendendo nossa aten\u00e7\u00e3o a cada pausa para respirar. Logo, \u00e9 poss\u00edvel avistar as Prateleiras do lado oposto e, mais adiante, a Asa de Hermes.<\/p>\n<p>Embora seja uma trilha desafiadora, ela \u00e9 pouco t\u00e9cnica, o que a torna acess\u00edvel para quem possui o m\u00ednimo de preparo f\u00edsico. O grande atrativo da trilha \u00e9 a vista panor\u00e2mica de 360\u00ba do parque, que proporciona uma experi\u00eancia \u00fanica de imers\u00e3o na natureza.<\/p>\n<p>O retorno pode ser feito pelo mesmo caminho, mas para quem deseja percorrer uma dist\u00e2ncia maior e explorar uma rota alternativa, h\u00e1 a op\u00e7\u00e3o de voltar pelo Circuito 5 Lagos. Esse percurso come\u00e7a na bifurca\u00e7\u00e3o na base da trilha que leva ao Altar e termina pr\u00f3ximo ao Posto Marc\u00e3o.<br \/>\nSem d\u00favida, ser\u00e1 uma experi\u00eancia inesquec\u00edvel e imersiva no primeiro Parque Nacional do Brasil.<\/p>\n<p><img loading=\"lazy\" decoding=\"async\" src=\"https:\/\/geartips.club\/blog\/wp-content\/uploads\/sites\/2\/2025\/03\/foto-4-acervo-projeto-parques-nacionais.webp\" alt=\"Foto no cume da Pedra do Altar\" width=\"1024\" height=\"683\" class=\"aligncenter size-full wp-image-32639\" srcset=\"https:\/\/geartips.club\/blog\/wp-content\/uploads\/sites\/2\/2025\/03\/foto-4-acervo-projeto-parques-nacionais.webp 1024w, https:\/\/geartips.club\/blog\/wp-content\/uploads\/sites\/2\/2025\/03\/foto-4-acervo-projeto-parques-nacionais-300x200.webp 300w, https:\/\/geartips.club\/blog\/wp-content\/uploads\/sites\/2\/2025\/03\/foto-4-acervo-projeto-parques-nacionais-768x512.webp 768w\" sizes=\"(max-width: 1024px) 100vw, 1024px\" \/><\/p>\n<p class=\"imagem-nota\">Foto: No alto da Pedra do Altar com Asa de Hermes ao fundo &#8211; acervo Projeto Parques Nacionais<\/p>\n<div class=\"caixa\">\n<strong>Mais informa\u00e7\u00f5es:<\/strong><\/p>\n<ul>\n<li><a href=\"https:\/\/pnitatiaia.com.br\/atrativos\/\" target=\"_blank\" title=\"Site dos Atrativos do Oarque Nacional do Itatiaia\" rel=\"noopener\">Parque Nacional do Itatiaia &#8211; Atrativos<\/a><\/li>\n<li><a href=\"https:\/\/youtu.be\/hNKCCZXfBkM?si=1RNWDlL1p_EO926A\" target=\"_blank\" title=\"Filme do Paque Nacional do Itatiaia\" rel=\"noopener\">YouTube &#8211; Parque Nacional do Itatiaia (Filme)<\/a><\/li>\n<\/ul>\n<\/div>\n<p><\/p>\n<h2 style=\"margin-top:50px\">3. Trilha Pico do Baepi<\/h2>\n<p><img loading=\"lazy\" decoding=\"async\" src=\"https:\/\/geartips.club\/blog\/wp-content\/uploads\/sites\/2\/2025\/03\/foto-5-acervo-projeto-parques-nacionais.webp\" alt=\"Vista panor\u00e2mida na subida da trilha do Pico Baepi\" width=\"1024\" height=\"525\" class=\"aligncenter size-full wp-image-32640\" srcset=\"https:\/\/geartips.club\/blog\/wp-content\/uploads\/sites\/2\/2025\/03\/foto-5-acervo-projeto-parques-nacionais.webp 1024w, https:\/\/geartips.club\/blog\/wp-content\/uploads\/sites\/2\/2025\/03\/foto-5-acervo-projeto-parques-nacionais-300x154.webp 300w, https:\/\/geartips.club\/blog\/wp-content\/uploads\/sites\/2\/2025\/03\/foto-5-acervo-projeto-parques-nacionais-768x394.webp 768w\" sizes=\"(max-width: 1024px) 100vw, 1024px\" \/><\/p>\n<p class=\"imagem-nota\">Foto: Vista panor\u00e2mica da subida da trilha &#8211; acervo Projeto Parques Nacionais<\/p>\n<p>A trilha para o Pico do Baepi (&#8220;montanha-careca&#8221;, do tupi-guarani) \u00e9 uma das mais tradicionais de Ilhabela, e \u00e9 um verdadeiro desafio para os aventureiros. Muitos n\u00e3o sabem, mas cerca de 85% de Ilhabela est\u00e1 protegida pelo Parque Estadual de Ilhabela, localizado em S\u00e3o Sebasti\u00e3o, no litoral norte de S\u00e3o Paulo.<\/p>\n<p>Essa trilha \u00e9 um dos maiores desejos dos visitantes que buscam explorar a exuberante Mata Atl\u00e2ntica preservada da regi\u00e3o e ter uma vis\u00e3o \u00fanica da ilha.<\/p>\n<p>Com aproximadamente 7,5 km de dist\u00e2ncia entre ida e volta, a trilha exige um bom preparo f\u00edsico, devido \u00e0 subida constante. O percurso come\u00e7a em uma \u00e1rea aberta e logo se passa por um mirante, onde j\u00e1 \u00e9 poss\u00edvel admirar a vista deslumbrante do Canal de Ilhabela. \u00c0 medida que a trilha adentra a mata, o caminho se torna mais fechado e desafiador, com trechos de escadas de madeira constru\u00eddas pelo parque, onde \u00e9 necess\u00e1rio usar as m\u00e3os para garantir o equil\u00edbrio. O trecho final \u00e9 ainda mais exigente, com uma ascens\u00e3o \u00edngreme que conta com o aux\u00edlio de um corrim\u00e3o de madeira.<\/p>\n<p>No topo, a recompensa \u00e9 uma vista panor\u00e2mica incr\u00edvel, a 1.048 m de altitude, que oferece uma vis\u00e3o espetacular do arquip\u00e9lago de Ilhabela e do oceano ao redor.<\/p>\n<p>Vale lembrar que, para realizar essa trilha, \u00e9 obrigat\u00f3rio contratar condutores credenciados pelo parque. Al\u00e9m disso, recomenda-se iniciar o percurso cedo, quando as temperaturas ainda est\u00e3o mais amenas, pois o calor e a umidade da regi\u00e3o podem ser intensos ao longo do dia.<\/p>\n<p><img loading=\"lazy\" decoding=\"async\" src=\"https:\/\/geartips.club\/blog\/wp-content\/uploads\/sites\/2\/2025\/03\/foto-6-acervo-projeto-parques-nacionais.webp\" alt=\"Vista do alto do Pico Baepi\" width=\"1024\" height=\"519\" class=\"aligncenter size-full wp-image-32641\" srcset=\"https:\/\/geartips.club\/blog\/wp-content\/uploads\/sites\/2\/2025\/03\/foto-6-acervo-projeto-parques-nacionais.webp 1024w, https:\/\/geartips.club\/blog\/wp-content\/uploads\/sites\/2\/2025\/03\/foto-6-acervo-projeto-parques-nacionais-300x152.webp 300w, https:\/\/geartips.club\/blog\/wp-content\/uploads\/sites\/2\/2025\/03\/foto-6-acervo-projeto-parques-nacionais-768x389.webp 768w\" sizes=\"(max-width: 1024px) 100vw, 1024px\" \/><\/p>\n<p class=\"imagem-nota\">Foto: Vista panor\u00e2mica do alto do Pico do Baepi &#8211; acervo Projeto Parques Nacionais<\/p>\n<div class=\"caixa\">\n<strong>Mais informa\u00e7\u00f5es sobre a trilha do Pico Baepi:<\/strong><\/p>\n<ul>\n<li><a href=\"https:\/\/ilhabela.ingressosparquespaulistas.com.br\/produto\/ff-ilhabela-trilha-do-pico-do-baepi\" target=\"_blank\" title=\"Ilhabela - Trilha do Pico Baepi\" rel=\"noopener\">Informa\u00e7\u00f5es e Ingressos &#8211; Trilha do Pico Baepi<\/a><\/li>\n<li><a href=\"https:\/\/youtu.be\/3pRcTD7m_P4?si=d1eu9eYdS6twHJe9&amp;t=374\" target=\"_blank\" title=\"Parque Estadual Ilhabela - Pico Baepi\" rel=\"noopener\">YouTube &#8211; Parque Estadual Ilhabela &#8211; Parte 2<\/a><\/li>\n<\/ul>\n<\/div>\n<p><\/p>\n<h2 style=\"margin-top:50px\">4. Trilha Arco do Andr\u00e9<\/h2>\n<p><img loading=\"lazy\" decoding=\"async\" src=\"https:\/\/geartips.club\/blog\/wp-content\/uploads\/sites\/2\/2025\/03\/foto-7-acervo-projeto-parques-nacionais.webp\" alt=\"Portal do in\u00edcio da trilha do Arco do Andr\u00e9\" width=\"1024\" height=\"532\" class=\"aligncenter size-full wp-image-32642\" srcset=\"https:\/\/geartips.club\/blog\/wp-content\/uploads\/sites\/2\/2025\/03\/foto-7-acervo-projeto-parques-nacionais.webp 1024w, https:\/\/geartips.club\/blog\/wp-content\/uploads\/sites\/2\/2025\/03\/foto-7-acervo-projeto-parques-nacionais-300x156.webp 300w, https:\/\/geartips.club\/blog\/wp-content\/uploads\/sites\/2\/2025\/03\/foto-7-acervo-projeto-parques-nacionais-768x399.webp 768w\" sizes=\"(max-width: 1024px) 100vw, 1024px\" \/><\/p>\n<p class=\"imagem-nota\">Foto: Portal do In\u00edcio da trilha  &#8211; acervo Projeto Parques Nacionais<\/p>\n<p>Essa \u00e9 a trilha mais longa do ainda pouco conhecido Parque Nacional Cavernas do Perua\u00e7u, localizado em Janu\u00e1ria (MG). O parque est\u00e1 situado em uma regi\u00e3o de ec\u00f3tono, ou seja, numa \u00e1rea de transi\u00e7\u00e3o entre os biomas cerrado e caatinga, o que resulta em paisagens deslumbrantes e coloridas.<\/p>\n<p>Com aproximadamente 10 km de extens\u00e3o, a trilha segue no formato de circuito e \u00e9 recomendada para os aventureiros mais experientes. Ao longo do caminho, diversos atrativos chamam a aten\u00e7\u00e3o, como o Mirante do Mundo Inteiro, de onde \u00e9 poss\u00edvel ter uma vis\u00e3o impressionante do trajeto do Rio Perua\u00e7u, respons\u00e1vel pela forma\u00e7\u00e3o dos c\u00e2nions e cavernas da regi\u00e3o.<\/p>\n<p>O ponto marcante da trilha \u00e9 o Arco, que d\u00e1 nome ao percurso. Trata-se de uma passagem subterr\u00e2nea cujas paredes apresentam nuances terracota em m\u00faltiplas tonalidades, com dimens\u00f5es colossais que fazem o visitante se sentir min\u00fasculo como uma formiga.<\/p>\n<p>Al\u00e9m disso, a trilha cruza passagens estreitas, pontes e escadarias de madeira, e ainda permite explorar mais duas cavernas fascinantes: a Lapa do Cascudo e a Lapa dos Troncos, tornando a experi\u00eancia ainda mais diversificada e emocionante.<\/p>\n<p><img loading=\"lazy\" decoding=\"async\" src=\"https:\/\/geartips.club\/blog\/wp-content\/uploads\/sites\/2\/2025\/03\/foto-8-acervo-projeto-parques-nacionais.webp\" alt=\"Vista a\u00e9rea do Arco do Andr\u00e9\" width=\"1024\" height=\"523\" class=\"aligncenter size-full wp-image-32643\" srcset=\"https:\/\/geartips.club\/blog\/wp-content\/uploads\/sites\/2\/2025\/03\/foto-8-acervo-projeto-parques-nacionais.webp 1024w, https:\/\/geartips.club\/blog\/wp-content\/uploads\/sites\/2\/2025\/03\/foto-8-acervo-projeto-parques-nacionais-300x153.webp 300w, https:\/\/geartips.club\/blog\/wp-content\/uploads\/sites\/2\/2025\/03\/foto-8-acervo-projeto-parques-nacionais-768x392.webp 768w\" sizes=\"(max-width: 1024px) 100vw, 1024px\" \/><\/p>\n<p class=\"imagem-nota\">Foto: Vista a\u00e9rea do Arco do Andr\u00e9 &#8211; acervo Projeto Parques Nacionais<\/p>\n<div class=\"caixa\">\n<strong>Mais informa\u00e7\u00f5es:<\/strong><\/p>\n<ul>\n<li><a href=\"https:\/\/youtu.be\/HBSZyoGgpCA?si=GJpVX-H4aTTYws0e\" target=\"_blank\" title=\"Filme sobre o Parque Nacional Cavernas do Perua\u00e7u\" rel=\"noopener\">YouTube &#8211; Filme sobre o Parque Nacional Cavernas do Perua\u00e7u<\/a><\/li>\n<\/ul>\n<\/div>\n<p><\/p>\n<h2 style=\"margin-top:50px\">5. Trilha Cachoeira do Fund\u00e3o<\/h2>\n<p><img loading=\"lazy\" decoding=\"async\" src=\"https:\/\/geartips.club\/blog\/wp-content\/uploads\/sites\/2\/2025\/03\/foto-9-acervo-projeto-parques-nacionais.webp\" alt=\"Vista a\u00e9rea dos campos rupestres do Parque Nacional da Serra da Canastra\" width=\"1024\" height=\"523\" class=\"aligncenter size-full wp-image-32644\" srcset=\"https:\/\/geartips.club\/blog\/wp-content\/uploads\/sites\/2\/2025\/03\/foto-9-acervo-projeto-parques-nacionais.webp 1024w, https:\/\/geartips.club\/blog\/wp-content\/uploads\/sites\/2\/2025\/03\/foto-9-acervo-projeto-parques-nacionais-300x153.webp 300w, https:\/\/geartips.club\/blog\/wp-content\/uploads\/sites\/2\/2025\/03\/foto-9-acervo-projeto-parques-nacionais-768x392.webp 768w\" sizes=\"(max-width: 1024px) 100vw, 1024px\" \/><\/p>\n<p class=\"imagem-nota\">Foto: Vista a\u00e9rea dos campos rupestres do Parque Nacional &#8211; acervo Projeto Parques Nacionais<\/p>\n<p>Aqui est\u00e1 uma caminhada cl\u00e1ssica do Parque Nacional da Serra da Canastra, que oferece uma experi\u00eancia \u00fanica em meio \u00e0 natureza exuberante.<\/p>\n<p>A portaria principal do parque, conhecida como Portaria 1, est\u00e1 localizada na cidade de S\u00e3o Roque de Minas (MG). A partir daqui, \u00e9 poss\u00edvel acessar a trilha que leva at\u00e9 a Cachoeira do Fund\u00e3o. Ap\u00f3s percorrer cerca de 40 km de carro pela estrada que corta o parque e estacionar em uma \u00e1rea reservada, ainda ser\u00e1 necess\u00e1rio caminhar mais 6 km at\u00e9 chegar \u00e0 cachoeira.<\/p>\n<p>A trilha \u00e9 de n\u00edvel f\u00e1cil, embora relativamente longa, bem demarcada e dividida em dois trechos: o primeiro, em estrada de terra, e o segundo, em trilha mais interna na mata, cruzando rios e superando obst\u00e1culos naturais de pedras.<\/p>\n<p>Ao longo do percurso, j\u00e1 \u00e9 poss\u00edvel avistar a cachoeira, que impressiona com seus 40 m de queda, o que serve de motiva\u00e7\u00e3o extra para seguir em frente e alcan\u00e7ar o destino final. Ao chegar, um po\u00e7o de \u00e1gua esmeralda convida para um banho. <\/p>\n<p>Devido \u00e0s dist\u00e2ncias tanto de carro quanto a p\u00e9, a cachoeira se mant\u00e9m em excelente estado de preserva\u00e7\u00e3o, j\u00e1 que poucas pessoas se aventuram a conhec\u00ea-la, tornando essa experi\u00eancia ainda mais exclusiva e especial.<\/p>\n<p><img loading=\"lazy\" decoding=\"async\" src=\"https:\/\/geartips.club\/blog\/wp-content\/uploads\/sites\/2\/2025\/03\/foto-10-acervo-projeto-parques-nacionais.webp\" alt=\"Vista a\u00e9rea da Cachoeira do Fund\u00e3o\" width=\"1024\" height=\"523\" class=\"aligncenter size-full wp-image-32645\" srcset=\"https:\/\/geartips.club\/blog\/wp-content\/uploads\/sites\/2\/2025\/03\/foto-10-acervo-projeto-parques-nacionais.webp 1024w, https:\/\/geartips.club\/blog\/wp-content\/uploads\/sites\/2\/2025\/03\/foto-10-acervo-projeto-parques-nacionais-300x153.webp 300w, https:\/\/geartips.club\/blog\/wp-content\/uploads\/sites\/2\/2025\/03\/foto-10-acervo-projeto-parques-nacionais-768x392.webp 768w\" sizes=\"(max-width: 1024px) 100vw, 1024px\" \/><\/p>\n<p class=\"imagem-nota\">Foto: Vista a\u00e9rea da Cachoeira do Fund\u00e3o &#8211; acervo Projeto Parques Nacionais<\/p>\n<div class=\"caixa\">\n<strong>Mais informa\u00e7\u00f5es:<\/strong><\/p>\n<ul>\n<li><a href=\"https:\/\/youtu.be\/HcvncP1-F5A?si=eFhYneB625H0497U\" target=\"_blank\" title=\"Filme sobre o Parque Nacional da Serra da Canastra\" rel=\"noopener\">YouTube &#8211; Filme sobre o Parque Nacional da Serra da Canastra<\/a><\/li>\n<\/ul>\n<\/div>\n<p><\/p>\n<h2 style=\"margin-top:50px\">6. Trilha ao Farol das Conchas<\/h2>\n<p><img loading=\"lazy\" decoding=\"async\" src=\"https:\/\/geartips.club\/blog\/wp-content\/uploads\/sites\/2\/2025\/03\/foto-11-acervo-projeto-parques-nacionais.webp\" alt=\"Vista a\u00e9rea da Praia Grande\" width=\"1024\" height=\"513\" class=\"aligncenter size-full wp-image-32646\" srcset=\"https:\/\/geartips.club\/blog\/wp-content\/uploads\/sites\/2\/2025\/03\/foto-11-acervo-projeto-parques-nacionais.webp 1024w, https:\/\/geartips.club\/blog\/wp-content\/uploads\/sites\/2\/2025\/03\/foto-11-acervo-projeto-parques-nacionais-300x150.webp 300w, https:\/\/geartips.club\/blog\/wp-content\/uploads\/sites\/2\/2025\/03\/foto-11-acervo-projeto-parques-nacionais-768x385.webp 768w\" sizes=\"(max-width: 1024px) 100vw, 1024px\" \/><\/p>\n<p class=\"imagem-nota\">Foto: Vista a\u00e9rea da Praia Grande &#8211; acervo Projeto Parques Nacionais<\/p>\n<p>A sugest\u00e3o de trilha aqui \u00e9, na verdade, uma excelente oportunidade para conhecer um dos destinos mais ic\u00f4nicos do estado do Paran\u00e1: a Ilha do Mel. Vale destacar que 93% da ilha est\u00e1 protegida por duas unidades de conserva\u00e7\u00e3o: uma Esta\u00e7\u00e3o Ecol\u00f3gica e um Parque Estadual.<\/p>\n<p>Localizada a 120 km de Curitiba, h\u00e1 diversas rotas para chegar at\u00e9 a ilha, com op\u00e7\u00f5es que variam em tempo e paisagens. Voc\u00ea pode escolher entre um passeio pela charmosa Serra da Graciosa, um encantador passeio de trem pela Serra do Mar at\u00e9 Morretes, ou ainda optar por uma rota mais r\u00e1pida pela BR-277 at\u00e9 Paranagu\u00e1 ou Pontal do Sul, de onde partem as embarca\u00e7\u00f5es para a travessia at\u00e9 a Ilha.<\/p>\n<p>Ao chegar \u00e0 Ilha do Mel, partindo da Praia de Encantadas, um dos principais pontos de desembarque, voc\u00ea far\u00e1 uma caminhada tranquila de cerca de 2 h, passando por praias quase desertas e de beleza \u00fanica, como a Praia do Cano, Praia do Miguel, Praia Grande e Praia de Fora. Durante o percurso, ser\u00e1 necess\u00e1rio cruzar alguns morros at\u00e9 chegar ao Morro do Farol, onde uma escadaria leva ao topo. De l\u00e1, \u00e9 poss\u00edvel admirar uma vista deslumbrante da ilha, incluindo o istmo, uma estreita faixa de terra que separa as \u00e1guas abrigadas do mar aberto.<\/p>\n<p>A paisagem \u00e9 t\u00e3o bem preservada que remete ao cen\u00e1rio que os portugueses encontraram h\u00e1 500 anos, oferecendo uma experi\u00eancia \u00fanica de conex\u00e3o com a natureza.<\/p>\n<p><img loading=\"lazy\" decoding=\"async\" src=\"https:\/\/geartips.club\/blog\/wp-content\/uploads\/sites\/2\/2025\/03\/foto-12-acervo-projeto-parques-nacionais.webp\" alt=\"Vista a\u00e9rea do Farol das Conchas na Ilha do Mel\" width=\"1024\" height=\"516\" class=\"aligncenter size-full wp-image-32647\" srcset=\"https:\/\/geartips.club\/blog\/wp-content\/uploads\/sites\/2\/2025\/03\/foto-12-acervo-projeto-parques-nacionais.webp 1024w, https:\/\/geartips.club\/blog\/wp-content\/uploads\/sites\/2\/2025\/03\/foto-12-acervo-projeto-parques-nacionais-300x151.webp 300w, https:\/\/geartips.club\/blog\/wp-content\/uploads\/sites\/2\/2025\/03\/foto-12-acervo-projeto-parques-nacionais-768x387.webp 768w\" sizes=\"(max-width: 1024px) 100vw, 1024px\" \/><\/p>\n<p class=\"imagem-nota\">Foto: Vista a\u00e9rea do Farol das Conchas &#8211; acervo Projeto Parques Nacionais<\/p>\n<div class=\"caixa\">\n<strong>Mais informa\u00e7\u00f5es:<\/strong><\/p>\n<ul>\n<li><a href=\"https:\/\/youtu.be\/sqXX5AL2hmY?si=9TH5G8rO8pOzL1ke&amp;t=330\" target=\"_blank\" title=\"ABETA Conecta - Ilha do Mel\" rel=\"noopener\">YouTube &#8211; ABETA Conecta &#8211; Ilha do Mel<\/a><\/li>\n<\/ul>\n<\/div>\n<p><\/p>\n<h2 style=\"margin-top:50px\">7. Trilha Pedra da Macela<\/h2>\n<p><img loading=\"lazy\" decoding=\"async\" src=\"https:\/\/geartips.club\/blog\/wp-content\/uploads\/sites\/2\/2025\/03\/foto-13-acervo-projeto-parques-nacionais.webp\" alt=\"Vista a\u00e9rea da Pedra da Macela\" width=\"1024\" height=\"523\" class=\"aligncenter size-full wp-image-32648\" srcset=\"https:\/\/geartips.club\/blog\/wp-content\/uploads\/sites\/2\/2025\/03\/foto-13-acervo-projeto-parques-nacionais.webp 1024w, https:\/\/geartips.club\/blog\/wp-content\/uploads\/sites\/2\/2025\/03\/foto-13-acervo-projeto-parques-nacionais-300x153.webp 300w, https:\/\/geartips.club\/blog\/wp-content\/uploads\/sites\/2\/2025\/03\/foto-13-acervo-projeto-parques-nacionais-768x392.webp 768w\" sizes=\"(max-width: 1024px) 100vw, 1024px\" \/><\/p>\n<p class=\"imagem-nota\">Foto: Vista a\u00e9rea da Pedra da Macela &#8211; acervo Projeto Parques Nacionais<\/p>\n<p>A Pedra da Macela, localizada no munic\u00edpio de Cunha (SP), \u00e9 um dos principais atrativos do Parque Nacional da Serra da Bocaina. O acesso ao local \u00e9 feito pela estrada Parati-Cunha (SP-171), especificamente no KM 66. A partir da\u00ed, s\u00e3o mais 4,5 km de estrada de terra at\u00e9 a portaria do parque.<\/p>\n<p>O caminho at\u00e9 o topo da Pedra da Macela segue por uma estrada pavimentada de aproximadamente 2,5 km, com subida constante e um desn\u00edvel de 400 m. A trilha pode ser percorrida em cerca de 2 h, em um ritmo tranquilo.<\/p>\n<p>A 1.840 m de altitude, a vista \u00e9 simplesmente deslumbrante. No primeiro mirante, \u00e9 poss\u00edvel admirar as montanhas do Vale do Para\u00edba, enquanto no mirante principal, a vista panor\u00e2mica abrange a Serra do Mar e, ao fundo, as ba\u00edas de Paraty e Angra dos Reis, proporcionando um cen\u00e1rio \u00fanico.<\/p>\n<p>No parque, h\u00e1 dois campings gratuitos dispon\u00edveis. O primeiro est\u00e1 localizado pr\u00f3ximo \u00e0 portaria, e o outro mais distante, perto dos mirantes da Pedra da Macela. Para quem deseja uma experi\u00eancia ainda mais imersiva, esses campings s\u00e3o uma excelente op\u00e7\u00e3o, especialmente para quem deseja subir bem cedo e assistir ao nascer do sol sobre o mar, uma vista rara e inesquec\u00edvel do alto da montanha.<\/p>\n<p>Outro atrativo da regi\u00e3o s\u00e3o os riachos que correm pr\u00f3ximos \u00e0 portaria, ideais para um mergulho refrescante ap\u00f3s a trilha. Al\u00e9m disso, h\u00e1 banheiros secos dispon\u00edveis para os visitantes, garantindo maior conforto para quem passa o dia ou acampa no local.<\/p>\n<p><img loading=\"lazy\" decoding=\"async\" src=\"https:\/\/geartips.club\/blog\/wp-content\/uploads\/sites\/2\/2025\/03\/foto-14-acervo-projeto-parques-nacionais.webp\" alt=\"Vista a\u00e9rea da Baia de Paraty e Angra dos Reis\" width=\"1024\" height=\"526\" class=\"aligncenter size-full wp-image-32649\" srcset=\"https:\/\/geartips.club\/blog\/wp-content\/uploads\/sites\/2\/2025\/03\/foto-14-acervo-projeto-parques-nacionais.webp 1024w, https:\/\/geartips.club\/blog\/wp-content\/uploads\/sites\/2\/2025\/03\/foto-14-acervo-projeto-parques-nacionais-300x154.webp 300w, https:\/\/geartips.club\/blog\/wp-content\/uploads\/sites\/2\/2025\/03\/foto-14-acervo-projeto-parques-nacionais-768x395.webp 768w\" sizes=\"(max-width: 1024px) 100vw, 1024px\" \/><\/p>\n<p class=\"imagem-nota\">Foto: Vista a\u00e9rea da Baia de Paraty e Angra dos Reis &#8211; acervo Projeto Parques Nacionais<\/p>\n<p><strong><a href=\"https:\/\/www.instagram.com\/p\/DGmCMSbxOdg\/?img_index=1&amp;igsh=MXJ5NncyNTY0ZWpvcg==\" target=\"_blank\" title=\"Os hor\u00e1rios de funcionamento do local e do camping voc\u00ea pode ver no Instagram\" rel=\"noopener\">Os hor\u00e1rios de funcionamento do local e do camping voc\u00ea pode ver no Instagram<\/a><\/strong> <\/p>\n<div class=\"caixa\">\n<strong>Mais informa\u00e7\u00f5es:<\/strong><\/p>\n<ul>\n<li><a href=\"https:\/\/youtu.be\/vlBJj7towiI?si=qHYq6YiSCtbrkGio\" target=\"_blank\" title=\"Filme sobre o Parque Nacional da Serra da Bocaina\" rel=\"noopener\">YouTube &#8211; Filme sobre o Parque Nacional da Serra da Bocaina<\/a><\/li>\n<\/ul>\n<\/div>\n<p><\/p>\n<h2 style=\"margin-top:50px\">8. Trilha Pico da Bandeira<\/h2>\n<p><img loading=\"lazy\" decoding=\"async\" src=\"https:\/\/geartips.club\/blog\/wp-content\/uploads\/sites\/2\/2025\/03\/foto-15-acervo-projeto-parques-nacionais.webp\" alt=\"Vista do Pico da Bandeira pela trilha lado Capixaba do Capara\u00f3\" width=\"1024\" height=\"683\" class=\"aligncenter size-full wp-image-32650\" srcset=\"https:\/\/geartips.club\/blog\/wp-content\/uploads\/sites\/2\/2025\/03\/foto-15-acervo-projeto-parques-nacionais.webp 1024w, https:\/\/geartips.club\/blog\/wp-content\/uploads\/sites\/2\/2025\/03\/foto-15-acervo-projeto-parques-nacionais-300x200.webp 300w, https:\/\/geartips.club\/blog\/wp-content\/uploads\/sites\/2\/2025\/03\/foto-15-acervo-projeto-parques-nacionais-768x512.webp 768w\" sizes=\"(max-width: 1024px) 100vw, 1024px\" \/><\/p>\n<p class=\"imagem-nota\">Foto: Vista do Pico da Bandeira pela trilha lado Capixaba &#8211; acervo Projeto Parques Nacionais<\/p>\n<p>O Pico da Bandeira, com 2.891 m de altitude, \u00e9 o terceiro ponto mais alto do Brasil e est\u00e1 localizado no Parque Nacional do Capara\u00f3, na divisa entre os estados de Minas Gerais e Esp\u00edrito Santo. O parque possui duas portarias de acesso, uma em cada estado: Alto Capara\u00f3, em Minas Gerais, e Dores do Rio Preto, no Esp\u00edrito Santo.<\/p>\n<p>O acesso ao Pico da Bandeira pode ser feito de diferentes formas: em um bate e volta, com acampamento, ou atrav\u00e9s de uma travessia. De cada portaria sai uma trilha principal que leva at\u00e9 o cume. As dist\u00e2ncias variam conforme o ponto de partida: do lado capixaba, a trilha tem 4,5 km (somente ida) com 600 m de desn\u00edvel, j\u00e1 do lado mineiro, s\u00e3o 6,5 km (somente ida) com 900 m de desn\u00edvel.<\/p>\n<p>Para quem deseja acampar, o parque oferece duas op\u00e7\u00f5es de camping em cada estado: no lado de Minas Gerais, h\u00e1 os campings Tronqueira e Terreir\u00e3o, enquanto no lado do Esp\u00edrito Santo, est\u00e3o os campings Casa Queimada e Macieira.<\/p>\n<p>Independentemente da rota escolhida, a subida ao Pico da Bandeira proporciona uma experi\u00eancia de montanhismo incr\u00edvel. Devido \u00e0 altitude, o percurso \u00e9 marcado por afloramentos rochosos e vistas espetaculares da Serra do Capara\u00f3. Embora as trilhas n\u00e3o sejam t\u00e9cnicas, elas s\u00e3o exigentes devido \u00e0 altitude e ao terreno com constantes subidas, tornando a caminhada ideal para iniciantes em atividades de montanhismo, que ter\u00e3o a oportunidade de conquistar o terceiro ponto culminante do pa\u00eds.<\/p>\n<p>A pr\u00e1tica de subir ao cume para assistir ao nascer do sol \u00e9 muito comum no local e \u00e9 uma experi\u00eancia inesquec\u00edvel. Para isso, \u00e9 necess\u00e1rio iniciar a caminhada ainda no meio da madrugada, j\u00e1 que a pernoite no cume n\u00e3o \u00e9 permitida. Essa pr\u00e1tica envolve riscos e \u00e9 recomendada para montanhistas experientes. Para iniciantes, \u00e9 altamente recomendada a contrata\u00e7\u00e3o de guias especializados.<\/p>\n<p>Para acampar, \u00e9 necess\u00e1rio fazer reserva antecipada, e \u00e9 importante evitar os feriados e finais de semana de alta temporada, quando o parque costuma ser mais visitado. H\u00e1 uma limita\u00e7\u00e3o no n\u00famero de pessoas que podem acessar o parque e os campings em cada portaria, por isso \u00e9 fundamental planejar a visita com anteced\u00eancia.<\/p>\n<p><img loading=\"lazy\" decoding=\"async\" src=\"https:\/\/geartips.club\/blog\/wp-content\/uploads\/sites\/2\/2025\/03\/foto-16-acervo-projeto-parques-nacionais.webp\" alt=\"Nascer do sol do alto do Pico da Bandeira\" width=\"1024\" height=\"768\" class=\"aligncenter size-full wp-image-32651\" srcset=\"https:\/\/geartips.club\/blog\/wp-content\/uploads\/sites\/2\/2025\/03\/foto-16-acervo-projeto-parques-nacionais.webp 1024w, https:\/\/geartips.club\/blog\/wp-content\/uploads\/sites\/2\/2025\/03\/foto-16-acervo-projeto-parques-nacionais-300x225.webp 300w, https:\/\/geartips.club\/blog\/wp-content\/uploads\/sites\/2\/2025\/03\/foto-16-acervo-projeto-parques-nacionais-768x576.webp 768w\" sizes=\"(max-width: 1024px) 100vw, 1024px\" \/><\/p>\n<p class=\"imagem-nota\">Foto: Nascer do sol do alto do Pico da Bandeira  &#8211; acervo Projeto Parques Nacionais<\/p>\n<div class=\"caixa\">\n<strong>Mais informa\u00e7\u00f5es:<\/strong><\/p>\n<ul>\n<li><a href=\"https:\/\/www.icmbio.gov.br\/parnacaparao\/guia-do-visitante.html\" target=\"_blank\" title=\"ICMBio - Guia do Visitante do Parque Nacional do Capara\u00f3\" rel=\"noopener\">ICMBio &#8211; Guia do Visitante do Parque Nacional do Capara\u00f3<\/a><\/li>\n<\/ul>\n<\/div>\n<p><\/p>\n<h2 style=\"margin-top:50px\">9. Trilha Circuito Janela do C\u00e9u<\/h2>\n<p><img loading=\"lazy\" decoding=\"async\" src=\"https:\/\/geartips.club\/blog\/wp-content\/uploads\/sites\/2\/2025\/03\/foto-17-acervo-projeto-parques-nacionais.webp\" alt=\"Campos rupestres do Parque Estadual do Ibitipoca\" width=\"1024\" height=\"690\" class=\"aligncenter size-full wp-image-32652\" srcset=\"https:\/\/geartips.club\/blog\/wp-content\/uploads\/sites\/2\/2025\/03\/foto-17-acervo-projeto-parques-nacionais.webp 1024w, https:\/\/geartips.club\/blog\/wp-content\/uploads\/sites\/2\/2025\/03\/foto-17-acervo-projeto-parques-nacionais-300x202.webp 300w, https:\/\/geartips.club\/blog\/wp-content\/uploads\/sites\/2\/2025\/03\/foto-17-acervo-projeto-parques-nacionais-768x518.webp 768w\" sizes=\"(max-width: 1024px) 100vw, 1024px\" \/><\/p>\n<p class=\"imagem-nota\">Foto: Campos rupestres do Parque &#8211; acervo Projeto Parques Nacionais<\/p>\n<p>Localizada no Parque Estadual do Ibitipoca, no munic\u00edpio de Lima Duarte (MG), essa trilha \u00e9 uma verdadeira surpresa pela diversidade de paisagens e pela quantidade de atrativos ao longo do caminho.<\/p>\n<p>Em meio \u00e0 Mata Atl\u00e2ntica, com muitos afloramentos rochosos e caracter\u00edsticas t\u00edpicas de campos rupestres, a trilha revela in\u00fameras oportunidades de banho em rios e cachoeiras. As \u00e1guas, com uma colora\u00e7\u00e3o caramelo, est\u00e3o sempre convidativas.<\/p>\n<p>O percurso, que tem 16 km de extens\u00e3o em formato de circuito, \u00e9 desafiador, com subidas e descidas \u00edngremes. Por isso, \u00e9 fundamental reservar um dia inteiro para percorr\u00ea-lo e se preparar adequadamente, levando alimenta\u00e7\u00e3o e \u00e1gua para a hidrata\u00e7\u00e3o. O preparo f\u00edsico tamb\u00e9m \u00e9 importante, devido \u00e0 longa dist\u00e2ncia e ao terreno exigente.<\/p>\n<p>Ao longo do trajeto, o visitante passar\u00e1 por diversos atrativos, como a Lombada, o ponto mais alto do parque, com 1.784 m de altitude, algumas grutas e a Janela do C\u00e9u. Este \u00e9 um c\u00e2nion que termina em uma queda d&#8217;\u00e1gua abrupta, formando uma vista espetacular para o vale. A vegeta\u00e7\u00e3o ao redor cria um cen\u00e1rio que lembra uma janela, dando nome ao atrativo.<\/p>\n<p>Durante os feriados, \u00e9 comum que o local fique mais movimentado, com filas para acessar os pontos principais. Uma boa dica, nesse caso, \u00e9 dedicar mais tempo \u00e0 Cachoeirinha, uma encantadora queda d&#8217;\u00e1gua que desce pelas pedras e forma um po\u00e7o perfeito para um mergulho refrescante.<\/p>\n<p><img loading=\"lazy\" decoding=\"async\" src=\"https:\/\/geartips.club\/blog\/wp-content\/uploads\/sites\/2\/2025\/03\/foto-18-acervo-projeto-parques-nacionais.webp\" alt=\"Vista da Janela do C\u00e9u no Parque Estadual do Ibitipoca\" width=\"1024\" height=\"768\" class=\"aligncenter size-full wp-image-32653\" srcset=\"https:\/\/geartips.club\/blog\/wp-content\/uploads\/sites\/2\/2025\/03\/foto-18-acervo-projeto-parques-nacionais.webp 1024w, https:\/\/geartips.club\/blog\/wp-content\/uploads\/sites\/2\/2025\/03\/foto-18-acervo-projeto-parques-nacionais-300x225.webp 300w, https:\/\/geartips.club\/blog\/wp-content\/uploads\/sites\/2\/2025\/03\/foto-18-acervo-projeto-parques-nacionais-768x576.webp 768w\" sizes=\"(max-width: 1024px) 100vw, 1024px\" \/><\/p>\n<p class=\"imagem-nota\">Foto: Vista da Janela do C\u00e9u &#8211; acervo Projeto Parques Nacionais<\/p>\n<div class=\"caixa\">\n<strong>Mais informa\u00e7\u00f5es:<\/strong><\/p>\n<ul>\n<li><a href=\"https:\/\/parquedoibitipoca.com.br\/\" target=\"_blank\" title=\"Site Parque Estadual do Ibitipoca\" rel=\"noopener\">Site do Parque Estadual do Ibitipoca<\/a><\/li>\n<\/ul>\n<\/div>\n<p><\/p>\n<h2 style=\"margin-top:50px\">10. Trilha Aamarela (saltos, carrossel e corredeiras)<\/h2>\n<p><img loading=\"lazy\" decoding=\"async\" src=\"https:\/\/geartips.club\/blog\/wp-content\/uploads\/sites\/2\/2025\/03\/foto-19-acervo-projeto-parques-nacionais.webp\" alt=\"Sinaliza\u00e7\u00e3o da Trilha Amarela\" width=\"1024\" height=\"683\" class=\"aligncenter size-full wp-image-32654\" srcset=\"https:\/\/geartips.club\/blog\/wp-content\/uploads\/sites\/2\/2025\/03\/foto-19-acervo-projeto-parques-nacionais.webp 1024w, https:\/\/geartips.club\/blog\/wp-content\/uploads\/sites\/2\/2025\/03\/foto-19-acervo-projeto-parques-nacionais-300x200.webp 300w, https:\/\/geartips.club\/blog\/wp-content\/uploads\/sites\/2\/2025\/03\/foto-19-acervo-projeto-parques-nacionais-768x512.webp 768w\" sizes=\"(max-width: 1024px) 100vw, 1024px\" \/><\/p>\n<p class=\"imagem-nota\">Foto: Sinaliza\u00e7\u00e3o da Trilha Amarela &#8211; acervo Projeto Parques Nacionais<\/p>\n<p>A Trilha Amarela do Parque Nacional da Chapada dos Veadeiros \u00e9 uma excelente op\u00e7\u00e3o para quem deseja se aprofundar na ess\u00eancia do cerrado, explorando paisagens deslumbrantes, muita \u00e1gua e banhos de rio, al\u00e9m de enfrentar desafios naturais com subidas e descidas intensas, em meio a uma flora rica e diversificada.<\/p>\n<p>Localizado em Goi\u00e1s, na Vila de S\u00e3o Jorge, que pertence ao munic\u00edpio de Alto Para\u00edso de Goi\u00e1s, o parque est\u00e1 a cerca de 250 km de Bras\u00edlia.<\/p>\n<p>A trilha tem um percurso circular de 11 km, com trechos \u00edngremes e pedregosos, mas \u00e9 bem sinalizada (faz parte da rede brasileira de trilhas, com setas pretas e amarelas), podendo ser percorrida em ambos os sentidos. O percurso mais comum segue no sentido hor\u00e1rio, permitindo uma vista espetacular do mirante do Salto do Rio Preto, o cart\u00e3o postal do parque, com seus impressionantes 120 m de queda livre, logo no in\u00edcio da trilha. Ao final, a jornada termina nas refrescantes piscinas naturais e pequenas quedas das Corredeiras do Rio Preto.<\/p>\n<p>Durante o caminho, h\u00e1 v\u00e1rias op\u00e7\u00f5es para se refrescar, como a Cachoeira do Garimp\u00e3o, com 80 m de queda, e a Cachoeira do Carrossel, al\u00e9m de outro mirante com vista para os c\u00e2nions do Rio Preto.<\/p>\n<p>Sem d\u00favida, essa trilha \u00e9 uma experi\u00eancia marcante que deixa saudades. <\/p>\n<p><img loading=\"lazy\" decoding=\"async\" src=\"https:\/\/geartips.club\/blog\/wp-content\/uploads\/sites\/2\/2025\/03\/foto-20-acervo-projeto-parques-nacionais.webp\" alt=\"Cachoeira do Garimp\u00e3o\" width=\"1024\" height=\"683\" class=\"aligncenter size-full wp-image-32655\" srcset=\"https:\/\/geartips.club\/blog\/wp-content\/uploads\/sites\/2\/2025\/03\/foto-20-acervo-projeto-parques-nacionais.webp 1024w, https:\/\/geartips.club\/blog\/wp-content\/uploads\/sites\/2\/2025\/03\/foto-20-acervo-projeto-parques-nacionais-300x200.webp 300w, https:\/\/geartips.club\/blog\/wp-content\/uploads\/sites\/2\/2025\/03\/foto-20-acervo-projeto-parques-nacionais-768x512.webp 768w\" sizes=\"(max-width: 1024px) 100vw, 1024px\" \/><\/p>\n<p class=\"imagem-nota\">Foto: Cachoeira do Garimp\u00e3o &#8211; acervo Projeto Parques Nacionais<\/p>\n<div class=\"caixa\">\n<strong>Mais informa\u00e7\u00f5es:<\/strong><\/p>\n<ul>\n<li><a href=\"https:\/\/pnchapadadosveadeiros.com.br\/\" target=\"_blank\" title=\"Site Parque Nacional da Chapada dos Veadeiros\" rel=\"noopener\">Site do Parque Nacional da Chapada dos Veadeiros<\/a><\/li>\n<\/ul>\n<\/div>\n<p><\/p>\n","protected":false},"excerpt":{"rendered":"<p>Para os apaixonados por ecoturismo e turismo de aventura, os feriados s\u00e3o sempre uma excelente oportunidade para viajar e aproveitar momentos de conex\u00e3o com a natureza. De acordo com uma pesquisa recente do Instituto Semeia, as trilhas est\u00e3o entre as atividades mais buscadas pelos praticantes, representando o interesse de 36% dos visitantes de unidades de [&hellip;]<\/p>\n","protected":false},"author":10572,"featured_media":32657,"comment_status":"open","ping_status":"closed","sticky":false,"template":"","format":"standard","meta":{"footnotes":""},"categories":[1027,1054],"tags":[1245,1552,1550,1551],"class_list":["post-32624","post","type-post","status-publish","format-standard","has-post-thumbnail","hentry","category-hiking-e-trekking","category-destinos-nacionais","tag-brasil","tag-parques-nacionais","tag-trilhas","tag-unidades-de-conservacao"],"blocksy_meta":[],"_links":{"self":[{"href":"https:\/\/geartips.club\/blog\/wp-json\/wp\/v2\/posts\/32624","targetHints":{"allow":["GET"]}}],"collection":[{"href":"https:\/\/geartips.club\/blog\/wp-json\/wp\/v2\/posts"}],"about":[{"href":"https:\/\/geartips.club\/blog\/wp-json\/wp\/v2\/types\/post"}],"author":[{"embeddable":true,"href":"https:\/\/geartips.club\/blog\/wp-json\/wp\/v2\/users\/10572"}],"replies":[{"embeddable":true,"href":"https:\/\/geartips.club\/blog\/wp-json\/wp\/v2\/comments?post=32624"}],"version-history":[{"count":5,"href":"https:\/\/geartips.club\/blog\/wp-json\/wp\/v2\/posts\/32624\/revisions"}],"predecessor-version":[{"id":32715,"href":"https:\/\/geartips.club\/blog\/wp-json\/wp\/v2\/posts\/32624\/revisions\/32715"}],"wp:featuredmedia":[{"embeddable":true,"href":"https:\/\/geartips.club\/blog\/wp-json\/wp\/v2\/media\/32657"}],"wp:attachment":[{"href":"https:\/\/geartips.club\/blog\/wp-json\/wp\/v2\/media?parent=32624"}],"wp:term":[{"taxonomy":"category","embeddable":true,"href":"https:\/\/geartips.club\/blog\/wp-json\/wp\/v2\/categories?post=32624"},{"taxonomy":"post_tag","embeddable":true,"href":"https:\/\/geartips.club\/blog\/wp-json\/wp\/v2\/tags?post=32624"}],"curies":[{"name":"wp","href":"https:\/\/api.w.org\/{rel}","templated":true}]}}