{"id":34429,"date":"2025-07-15T08:53:27","date_gmt":"2025-07-15T11:53:27","guid":{"rendered":"https:\/\/geartips.club\/blog\/?p=34429"},"modified":"2026-01-29T17:20:24","modified_gmt":"2026-01-29T20:20:24","slug":"evolucao-mochila-deuter-aircontact-pro","status":"publish","type":"post","link":"https:\/\/geartips.club\/blog\/evolucao-mochila-deuter-aircontact-pro\/","title":{"rendered":"A evolu\u00e7\u00e3o da mochila deuter Aircontact PRO: mais de duas d\u00e9cadas carregando sonhos e desafios"},"content":{"rendered":"<p>Poucas mochilas no mundo acumulam tantas hist\u00f3rias de travessias e expedi\u00e7\u00f5es quanto a <strong>deuter Aircontact PRO<\/strong>. Para quem cruza cordilheiras, avan\u00e7a por vales isolados ou lidera grupos em jornadas de v\u00e1rios dias, <strong>confian\u00e7a e conforto<\/strong> s\u00e3o essenciais \u2014 e \u00e9 exatamente nisso que essa mochila cargueira se tornou refer\u00eancia global.<\/p>\n<p>At\u00e9 o in\u00edcio dos anos 2000, a <strong>deuter Aircontact<\/strong> (sem o PRO) j\u00e1 era reconhecida como a mochila t\u00e9cnica ideal para trekking de longa dura\u00e7\u00e3o, com capacidade de carga <strong>projetada para suportar at\u00e9 20 kg com alto n\u00edvel de conforto<\/strong>. Por\u00e9m, para <strong>guias de montanha profissionais<\/strong> ou pessoas que realizam <strong>expedi\u00e7\u00f5es autossuficientes<\/strong> \u2014 como travessias em regi\u00f5es remotas ou altas montanhas como o Denali, onde se carrega todo o equipamento e suprimentos \u2014 era necess\u00e1rio um n\u00edvel superior de robustez, estabilidade e transfer\u00eancia de carga.<\/p>\n<p>A partir dessa necessidade, nasceu a <strong>Aircontact PRO<\/strong>: uma mochila cargueira desenvolvida para manter o <strong>m\u00e1ximo de conforto mesmo transportando cargas de at\u00e9 30 kg<\/strong>, distribuindo o peso de forma equilibrada, preservando a ergonomia e a mobilidade em qualquer terreno.<\/p>\n<h2>E assim nasce uma lenda<\/h2>\n<p>Ao longo de quase 20 anos, a <strong>Aircontact PRO<\/strong> evoluiu: ficou mais leve, ganhou sistemas de ajuste ainda mais precisos, ventila\u00e7\u00e3o aprimorada e, recentemente, uma constru\u00e7\u00e3o mais sustent\u00e1vel. Mas nunca perdeu a sua ess\u00eancia: <strong>ser a mochila cargueira definitiva para quem carrega mais do que apenas equipamentos \u2014 carrega sonhos<\/strong>.<\/p>\n<h2>Pr\u00f3logo: antes da PRO, a Paragon<\/h2>\n<p>Para entender a <strong>Aircontact PRO<\/strong>, \u00e9 preciso voltar alguns anos antes de seu lan\u00e7amento. Na virada dos anos 2000, a <strong>deuter<\/strong> j\u00e1 dominava o mercado de mochilas de trekking com a <strong>linha Aircontact<\/strong>, capaz de oferecer uma capacidade de carga de at\u00e9 20 kg \u2014 mais do que suficiente para a maioria dos trekkings de longa dura\u00e7\u00e3o, travessias e viagens de mochil\u00e3o pelo mundo.<\/p>\n<p>No entanto, na pr\u00e1tica de campo, ficou claro que <strong>guias de montanha profissionais e grupos em expedi\u00e7\u00f5es verdadeiramente autossuficientes<\/strong> \u2014 como travessias na Patag\u00f4nia profunda, aproxima\u00e7\u00f5es de grandes montanhas ou rotas em ambiente \u00e1rtico \u2014 precisavam de algo al\u00e9m. Era necess\u00e1rio um sistema capaz de lidar com <strong>conforto e estabilidade com cargas de at\u00e9 30 kg<\/strong>, sem abrir m\u00e3o de resist\u00eancia \u00e0 abras\u00e3o, neve, chuva, pedras e anos de uso intensivo.<\/p>\n<p>Para suprir essa lacuna, em 2005, a deuter apresentou a <strong>Paragon<\/strong>: uma mochila inovadora para a \u00e9poca, trazendo o que havia de mais robusto em estrutura. Ela combinava em sua estrutura:<\/p>\n<ul>\n<li><strong>V-frame em alum\u00ednio<\/strong>, que transferia a maior parte da carga para a barrigueira, aliviando a coluna.<\/li>\n<li><strong>Hastes GFK* adicionais<\/strong>, oferecendo flexibilidade controlada para absorver tor\u00e7\u00f5es da mochila em terreno t\u00e9cnico. * GFK \u00e9 a sigla alem\u00e3 para pl\u00e1stico refor\u00e7ado com fibra de vidro \u2014 usada como elemento el\u00e1stico que permite \u00e0 estrutura interna da mochila flexionar de forma controlada, aumentando estabilidade e conforto.<\/li>\n<li><strong>Costado Aircontact<\/strong>, pioneiro em ventila\u00e7\u00e3o ativa com espuma de c\u00e9lula aberta.<\/li>\n<li>Tecido <strong>Cordura 6.6 HT\/Duratex<\/strong>, resistente \u00e0 abras\u00e3o em ambiente rochoso.<\/li>\n<\/ul>\n<p>Na pr\u00e1tica, a Paragon era pesada, mas absolutamente confi\u00e1vel \u2014 virou sin\u00f4nimo de robustez para quem precisava carregar equipamentos t\u00e9cnicos, comida e barraca por dias, sem pontos de apoio. Mais do que uma mochila, ela foi o laborat\u00f3rio que preparou o caminho para algo ainda mais eficiente: a <strong>Aircontact PRO, lan\u00e7ada oficialmente em 2007<\/strong>, reunindo a experi\u00eancia da Paragon com ergonomia aprimorada e peso otimizado.<\/p>\n<p>Assim, nasce a fam\u00edlia de mochilas cargueiras que, at\u00e9 hoje, \u00e9 refer\u00eancia para quem carrega tudo \u2014 e ainda precisa caminhar muito.<\/p>\n<p><img fetchpriority=\"high\" decoding=\"async\" class=\"aligncenter size-full wp-image-34540\" src=\"https:\/\/geartips.club\/blog\/wp-content\/uploads\/sites\/2\/2025\/07\/catalogo-deuter-aircontact-pro-2007.webp\" alt=\"Cat\u00e1logo da deuter com a vers\u00e3o 2007 da Aircontact PRO\" width=\"1024\" height=\"768\" srcset=\"https:\/\/geartips.club\/blog\/wp-content\/uploads\/sites\/2\/2025\/07\/catalogo-deuter-aircontact-pro-2007.webp 1024w, https:\/\/geartips.club\/blog\/wp-content\/uploads\/sites\/2\/2025\/07\/catalogo-deuter-aircontact-pro-2007-300x225.webp 300w, https:\/\/geartips.club\/blog\/wp-content\/uploads\/sites\/2\/2025\/07\/catalogo-deuter-aircontact-pro-2007-768x576.webp 768w\" sizes=\"(max-width: 1024px) 100vw, 1024px\" \/><\/p>\n<p class=\"imagem-nota\">Cat\u00e1logo da deuter com a vers\u00e3o 2007 da Aircontact PRO<\/p>\n<h2>Evolu\u00e7\u00e3o da deuter Aircontact PRO ao longo dos anos<\/h2>\n<p>Desde sua estreia como sucessora da Paragon at\u00e9 sua vers\u00e3o mais leve e sustent\u00e1vel em 2025, a <strong>deuter Aircontact PRO<\/strong> passou por diversas atualiza\u00e7\u00f5es t\u00e9cnicas, estruturais e visuais. A seguir, reuni as principais evolu\u00e7\u00f5es dessa lenda das trilhas \u2014 primeiro em um resumo no formato de tabela e depois em uma linha do tempo detalhada.<\/p>\n<div id=\"footable_parent_34467\"\n         class=\" footable_parent ninja_table_wrapper loading_ninja_table wp_table_data_press_parent semantic_ui \">\n                <table data-ninja_table_instance=\"ninja_table_instance_0\" data-footable_id=\"34467\" data-filter-delay=\"1000\" aria-label=\"Post Evolu\u00e7\u00e3o Aircontact Pro\"            id=\"footable_34467\"\n           data-unique_identifier=\"ninja_table_unique_id_2400329132_34467\"\n           class=\" foo-table ninja_footable foo_table_34467 ninja_table_unique_id_2400329132_34467 ui table  ninja_search_right nt_type_ajax_table striped vertical_centered  footable-paging-right ninja_table_search_disabled\">\n                <colgroup>\n                            <col class=\"ninja_column_0 \">\n                            <col class=\"ninja_column_1 \">\n                            <col class=\"ninja_column_2 \">\n                            <col class=\"ninja_column_3 \">\n                    <\/colgroup>\n            <\/table>\n    \n    \n    \n<\/div>\n\n<h2>Linha do Tempo: Evolu\u00e7\u00e3o gera\u00e7\u00e3o por gera\u00e7\u00e3o<\/h2>\n<p>A deuter Aircontact PRO n\u00e3o \u00e9 apenas uma mochila cargueira: \u00e9 o resultado de anos de aprimoramentos, ajustes ergon\u00f4micos, testes em expedi\u00e7\u00f5es reais e feedback constante de guias e montanhistas de todo o mundo. A seguir, veja como cada vers\u00e3o consolidou essa trajet\u00f3ria de robustez, conforto e tecnologia \u2014 mantendo a capacidade de carga de at\u00e9 30 kg como refer\u00eancia de projeto para expedi\u00e7\u00f5es exigentes.<\/p>\n<div class=\"texto-flex-30-70\">\n<div class=\"col01-30\"><img decoding=\"async\" class=\"aligncenter size-full wp-image-34473\" src=\"https:\/\/geartips.club\/blog\/wp-content\/uploads\/sites\/2\/2025\/07\/mochila-deuter-paragon-2005.webp\" alt=\"Mochila Cargueira deuter Paragon - 2005\" width=\"300\" height=\"500\" srcset=\"https:\/\/geartips.club\/blog\/wp-content\/uploads\/sites\/2\/2025\/07\/mochila-deuter-paragon-2005.webp 300w, https:\/\/geartips.club\/blog\/wp-content\/uploads\/sites\/2\/2025\/07\/mochila-deuter-paragon-2005-180x300.webp 180w\" sizes=\"(max-width: 300px) 100vw, 300px\" \/><\/div>\n<div class=\"col02-70\">\n<h3>2005 \u2014 Paragon: o laborat\u00f3rio de campo<\/h3>\n<p>Desenvolvida como um experimento de performance extrema, a <strong>Paragon<\/strong> foi a primeira mochila da deuter projetada explicitamente para o transporte de grandes cargas. Seu lan\u00e7amento marcou o in\u00edcio de uma nova era para expedi\u00e7\u00f5es pesadas \u2014 servindo como base para o desenvolvimento da futura linha Aircontact PRO.<\/p>\n<p>A estrutura combinava um <strong>V-frame de alum\u00ednio com hastes GFK<\/strong> (Glasfaserverst\u00e4rkter Kunststoff, ou <strong>pl\u00e1stico refor\u00e7ado com fibra de vidro<\/strong>), oferecendo <strong>flexibilidade controlada<\/strong> e excelente transfer\u00eancia de carga para a barrigueira. O costado j\u00e1 trazia o <strong>sistema Aircontact<\/strong>, em sua forma pioneira, favorecendo ventila\u00e7\u00e3o e estabilidade.<\/p>\n<p>Constru\u00edda em <strong>Cordura 6.6 HT\/Duratex<\/strong>, era <strong>praticamente indestrut\u00edvel<\/strong>, e vinha equipada com uma <strong>barrigueira fixa extremamente robusta<\/strong>. Com <strong>peso aproximado de 3.900\u202fg<\/strong>, era uma mochila feita para resistir a tudo.<\/p>\n<p>A Paragon tinha <strong>75+15 litros<\/strong> no compartimento principal e <strong>8 litros nos bolsos laterais<\/strong>, totalizando impressionantes <strong>98 litros de capacidade<\/strong>.<\/p>\n<\/div>\n<\/div>\n<div class=\"texto-flex-30-70\">\n<div class=\"col01-30\"><img decoding=\"async\" class=\"aligncenter size-full wp-image-34477\" src=\"https:\/\/geartips.club\/blog\/wp-content\/uploads\/sites\/2\/2025\/07\/mochila-deuter-aircontact-pro-70-15-2007.webp\" alt=\"Mochila cargueira deuter Aircontact PRO 70+15 - 2007\" width=\"300\" height=\"500\" srcset=\"https:\/\/geartips.club\/blog\/wp-content\/uploads\/sites\/2\/2025\/07\/mochila-deuter-aircontact-pro-70-15-2007.webp 300w, https:\/\/geartips.club\/blog\/wp-content\/uploads\/sites\/2\/2025\/07\/mochila-deuter-aircontact-pro-70-15-2007-180x300.webp 180w\" sizes=\"(max-width: 300px) 100vw, 300px\" \/><\/div>\n<div class=\"col02-70\">\n<h3>2007 \u2014 Aircontact PRO (1\u00aa gera\u00e7\u00e3o)<\/h3>\n<p>Lan\u00e7ada como sucessora direta da ic\u00f4nica Paragon, a Aircontact PRO chegou ao mercado com inova\u00e7\u00f5es que definiriam o padr\u00e3o das mochilas de carga da deuter para os anos seguintes. A principal novidade foi a introdu\u00e7\u00e3o do <strong>sistema VariFlex<\/strong> \u2014 uma barrigueira pivotante que acompanha os movimentos do quadril, proporcionando <strong>mais conforto e estabilidade<\/strong> em expedi\u00e7\u00f5es com alta carga.<\/p>\n<p>Outro destaque foi o <strong>sistema VariQuick<\/strong>, que permite o ajuste de altura das al\u00e7as por meio de velcro, facilitando a adapta\u00e7\u00e3o da mochila a diferentes usu\u00e1rios. A <strong>tampa remov\u00edvel que se converte em daypack<\/strong> tamb\u00e9m foi mantida, refor\u00e7ando a versatilidade da linha.<br \/>\nO modelo <strong>Aircontact PRO 70+15<\/strong> tinha <strong>peso de 3.330\u202fg<\/strong> e <strong>volume total de 95 litros<\/strong>: 70+15 litros no compartimento principal e 10 litros distribu\u00eddos nos bolsos laterais.<\/p>\n<\/div>\n<\/div>\n<div class=\"texto-flex-30-70\">\n<div class=\"col01-30\"><img loading=\"lazy\" decoding=\"async\" class=\"aligncenter size-full wp-image-34481\" src=\"https:\/\/geartips.club\/blog\/wp-content\/uploads\/sites\/2\/2025\/07\/mochila-deuter-aircontact-pro-70-15-2013.webp\" alt=\"Mochila cargueira deuter Aircontact PRO 70+15 - 2013\" width=\"300\" height=\"500\" srcset=\"https:\/\/geartips.club\/blog\/wp-content\/uploads\/sites\/2\/2025\/07\/mochila-deuter-aircontact-pro-70-15-2013.webp 300w, https:\/\/geartips.club\/blog\/wp-content\/uploads\/sites\/2\/2025\/07\/mochila-deuter-aircontact-pro-70-15-2013-180x300.webp 180w\" sizes=\"(max-width: 300px) 100vw, 300px\" \/><\/div>\n<div class=\"col02-70\">\n<h3>2013 \u2014 Aircontact PRO refinada<\/h3>\n<p>Essa gera\u00e7\u00e3o marcou a <strong>primeira grande atualiza\u00e7\u00e3o de materiais da linha<\/strong>: os tecidos ficaram <strong>mais robustos e ligeiramente mais leves<\/strong>, garantindo maior durabilidade sem aumento de peso. A ergonomia da <strong>tampa foi redesenhada<\/strong>, facilitando seu uso como daypack, e o acabamento da mochila ganhou um visual mais limpo e refinado.<\/p>\n<p>O <strong>costado Aircontact<\/strong> tamb\u00e9m foi atualizado, com melhorias na estrutura de ventila\u00e7\u00e3o para aumentar o conforto t\u00e9rmico durante o uso prolongado. A base da estrutura \u2014 com <strong>V-frame de alum\u00ednio<\/strong>, <strong>hastes GFK (fibra de vidro)<\/strong> e <strong>barrigueira VariFlex<\/strong> \u2014 permaneceu inalterada, mantendo a tradi\u00e7\u00e3o de estabilidade e transfer\u00eancia eficiente de carga.<\/p>\n<p>O modelo <strong>Aircontact PRO 70+15<\/strong> passou a pesar <strong>3.200\u202fg<\/strong>. O volume total da mochila somava <strong>97 litros<\/strong>, sendo <strong>70+15 litros<\/strong> no compartimento principal e <strong>12 litros<\/strong> nos bolsos laterais \u2014 dois litros a mais do que a gera\u00e7\u00e3o anterior.<\/p>\n<\/div>\n<\/div>\n<div class=\"texto-flex-30-70\">\n<div class=\"col01-30\"><img loading=\"lazy\" decoding=\"async\" class=\"aligncenter size-full wp-image-34485\" src=\"https:\/\/geartips.club\/blog\/wp-content\/uploads\/sites\/2\/2025\/07\/mochila-deuter-aircontact-pro-70-15-2017.webp\" alt=\"Mochila cargueira deuter Aircontact PRO 70+15 - 2017\" width=\"300\" height=\"500\" srcset=\"https:\/\/geartips.club\/blog\/wp-content\/uploads\/sites\/2\/2025\/07\/mochila-deuter-aircontact-pro-70-15-2017.webp 300w, https:\/\/geartips.club\/blog\/wp-content\/uploads\/sites\/2\/2025\/07\/mochila-deuter-aircontact-pro-70-15-2017-180x300.webp 180w\" sizes=\"(max-width: 300px) 100vw, 300px\" \/><\/div>\n<div class=\"col02-70\">\n<h3>2017 \u2014 Aircontact PRO com VariSlide<\/h3>\n<p>A grande inova\u00e7\u00e3o dessa gera\u00e7\u00e3o foi a introdu\u00e7\u00e3o do <strong>sistema VariSlide<\/strong>, substituindo o tradicional VariQuick. O novo sistema oferece um <strong>ajuste cont\u00ednuo, suave e preciso da altura das al\u00e7as<\/strong>, permitindo adapta\u00e7\u00e3o personalizada para diferentes comprimentos de tronco \u2014 com mais conforto e efici\u00eancia.<\/p>\n<p>As <strong>barrigueiras receberam recortes anat\u00f4micos<\/strong>, garantindo maior liberdade de movimento, especialmente em terrenos t\u00e9cnicos e exigentes. O modelo <strong>Aircontact PRO 70+15<\/strong> passou a pesar <strong>3.280\u202fg<\/strong>, e a deuter adotou um novo crit\u00e9rio de medi\u00e7\u00e3o: o volume indicado no nome agora inclui os bolsos laterais. Assim, o volume total real desta vers\u00e3o \u00e9 de <strong>85 litros<\/strong>.<\/p>\n<\/div>\n<\/div>\n<div class=\"texto-flex-30-70\">\n<div class=\"col01-30\"><img loading=\"lazy\" decoding=\"async\" class=\"aligncenter size-full wp-image-34489\" src=\"https:\/\/geartips.club\/blog\/wp-content\/uploads\/sites\/2\/2025\/07\/mochila-deuter-aircontact-pro-70-15-2021.webp\" alt=\"Mochila cargueira deuter Aircontact PRO 70+15 - 2021\" width=\"300\" height=\"500\" srcset=\"https:\/\/geartips.club\/blog\/wp-content\/uploads\/sites\/2\/2025\/07\/mochila-deuter-aircontact-pro-70-15-2021.webp 300w, https:\/\/geartips.club\/blog\/wp-content\/uploads\/sites\/2\/2025\/07\/mochila-deuter-aircontact-pro-70-15-2021-180x300.webp 180w\" sizes=\"(max-width: 300px) 100vw, 300px\" \/><\/div>\n<div class=\"col02-70\">\n<h3>2021 \u2014 Aircontact PRO redesenhada<\/h3>\n<p>Reformula\u00e7\u00e3o marcante: o modelo passa a utilizar o <strong>Air Spacer Mesh<\/strong>, uma malha 3D que reveste a espuma do costado, oferecendo melhor ventila\u00e7\u00e3o sem comprometer o tradicional pump effect (efeito de bombeamento) do Sistema Aircontact. A estrutura de alum\u00ednio adota agora um <strong>formato em Y<\/strong>, o que aprimora significativamente a transfer\u00eancia de carga para a barrigueira.<\/p>\n<p>O peso total da mochila na vers\u00e3o 70+15 \u00e9 de <strong>3.130\u202fg<\/strong>. Uma novidade importante \u00e9 a inclus\u00e3o de uma <strong>daypack independente<\/strong>, substituindo a antiga tampa que se convertia em mochila. Essa mudan\u00e7a permite <strong>redu\u00e7\u00e3o de peso<\/strong> quando a daypack n\u00e3o \u00e9 utilizada e, ao mesmo tempo, oferece uma mochila auxiliar mais funcional para deslocamentos durante viagens.<\/p>\n<p>Outro destaque que j\u00e1 existia na linha e foi aprimorado \u00e9 a <strong>compatibilidade com dois sistemas de hidrata\u00e7\u00e3o de at\u00e9 3 litros cada<\/strong>, um diferencial para quem precisa levar <strong>grande volume de \u00e1gua<\/strong> em atividades prolongadas ou em ambientes remotos.<\/p>\n<\/div>\n<\/div>\n<div class=\"texto-flex-30-70\">\n<div class=\"col01-30\"><img loading=\"lazy\" decoding=\"async\" class=\"aligncenter size-full wp-image-34493\" src=\"https:\/\/geartips.club\/blog\/wp-content\/uploads\/sites\/2\/2025\/07\/mochila-deuter-aircontact-pro-70-15-2022.webp\" alt=\"Mochila cargueira deuter Aircontact PRO 70+15 - 2022\" width=\"300\" height=\"500\" srcset=\"https:\/\/geartips.club\/blog\/wp-content\/uploads\/sites\/2\/2025\/07\/mochila-deuter-aircontact-pro-70-15-2022.webp 300w, https:\/\/geartips.club\/blog\/wp-content\/uploads\/sites\/2\/2025\/07\/mochila-deuter-aircontact-pro-70-15-2022-180x300.webp 180w\" sizes=\"(max-width: 300px) 100vw, 300px\" \/><\/div>\n<div class=\"col02-70\">\n<h3>2022 \u2014 Aircontact X<\/h3>\n<p>Um marco em versatilidade: a Aircontact PRO passa a se chamar <strong>Aircontact X<\/strong>, trazendo a <strong>modularidade<\/strong> como sua principal inova\u00e7\u00e3o. Entre as mudan\u00e7as, destacam-se os <strong>bolsos remov\u00edveis da barrigueira<\/strong> \u2014 um deles com <strong>expans\u00e3o por z\u00edper<\/strong>, capaz de acomodar garrafas de at\u00e9 1,5\u202fL \u2014, a inclus\u00e3o de uma <strong>daypack independente e compartimentos internos mais funcionais<\/strong>.<\/p>\n<p>O <strong>bolso frontal com fechamento por z\u00edper<\/strong> substitui o antigo bolso aberto, oferecendo <strong>mais seguran\u00e7a<\/strong> para os itens armazenados. O <strong>tecido utilizado possui certifica\u00e7\u00e3o bluesign\u00ae<\/strong>, refor\u00e7ando o compromisso ambiental da marca. A capacidade de carga permanece em <strong>30\u202fkg<\/strong>, e o peso do <strong>modelo 70+15<\/strong> \u00e9 de <strong>3.180\u202fg<\/strong>.<\/p>\n<\/div>\n<\/div>\n<div class=\"texto-flex-30-70\">\n<div class=\"col01-30\"><img loading=\"lazy\" decoding=\"async\" class=\"aligncenter size-full wp-image-34497\" src=\"https:\/\/geartips.club\/blog\/wp-content\/uploads\/sites\/2\/2025\/07\/mochila-deuter-aircontact-pro-70-15-2025.webp\" alt=\"Mochila cargueira deuter Aircontact PRO 70+15 - 2025\" width=\"300\" height=\"500\" srcset=\"https:\/\/geartips.club\/blog\/wp-content\/uploads\/sites\/2\/2025\/07\/mochila-deuter-aircontact-pro-70-15-2025.webp 300w, https:\/\/geartips.club\/blog\/wp-content\/uploads\/sites\/2\/2025\/07\/mochila-deuter-aircontact-pro-70-15-2025-180x300.webp 180w\" sizes=\"(max-width: 300px) 100vw, 300px\" \/><\/div>\n<div class=\"col02-70\">\n<h3>2025 \u2014 O retorno da lenda<\/h3>\n<p>A ic\u00f4nica linha volta a se chamar <strong>Aircontact PRO<\/strong>, reunindo o que h\u00e1 de mais avan\u00e7ado em conforto, desempenho e sustentabilidade. Essa nova gera\u00e7\u00e3o incorpora a consagrada <strong>estrutura em Y<\/strong> para otimizar a transfer\u00eancia de carga, o costado com <strong>Air Spacer Mesh<\/strong> que garante ventila\u00e7\u00e3o eficiente com o efeito de bombeamento do sistema Aircontact, e o <strong>sistema VariSlide<\/strong>, que permite ajuste preciso da altura do costado.<\/p>\n<p>As <strong>barrigueiras VariFlex ECL<\/strong> e as al\u00e7as com <strong>tecnologia ActiveFit<\/strong> garantem adapta\u00e7\u00e3o anat\u00f4mica ao corpo em movimento, enquanto a <strong>tampa remov\u00edvel que se transforma em uma daypack<\/strong> (com as fitas inclusas) adiciona versatilidade para trilhas curtas e uso urbano.<\/p>\n<p>Al\u00e9m disso, a mochila conta com <strong>bolsos de f\u00e1cil acesso<\/strong>, <strong>capa de chuva integrada<\/strong>, e \u00e9 constru\u00edda com <strong>mais de 50% de materiais reciclados<\/strong>, <strong>livre de PFAS<\/strong>, com certifica\u00e7\u00f5es <strong>bluesign\u00ae<\/strong>, <strong>Green Button<\/strong> e <strong>ClimatePartner<\/strong> \u2014 reafirmando o compromisso ambiental da deuter.<\/p>\n<p>Com apenas <strong>2.920\u202fg<\/strong>, essa \u00e9 a vers\u00e3o mais leve j\u00e1 produzida na hist\u00f3ria da fam\u00edlia PRO \u2014 combinando desempenho t\u00e9cnico de alto n\u00edvel com uma pegada mais leve no planeta.<\/p>\n<\/div>\n<\/div>\n<h2>A Aircontact PRO 2025: o melhor de todos os mundos<\/h2>\n<p>Ao longo de quase duas d\u00e9cadas, a deuter Aircontact PRO evoluiu sem abrir m\u00e3o do seu DNA: transportar cargas pesadas com conforto, seguran\u00e7a e robustez. Mas essa evolu\u00e7\u00e3o foi al\u00e9m dos ajustes no visual \u2014 a mochila incorporou inova\u00e7\u00f5es t\u00e9cnicas que a tornaram refer\u00eancia mundial entre guias de montanha e praticantes de expedi\u00e7\u00f5es autossuficientes.<\/p>\n<p>A edi\u00e7\u00e3o 2025 representa o \u00e1pice dessa evolu\u00e7\u00e3o \u2014 reunindo duas d\u00e9cadas de engenharia voltada \u00e0s demandas reais de quem vive a montanha com autonomia.<\/p>\n<p><strong>Costado:<\/strong> o famoso <strong>Aircontact System<\/strong>, agora combinado ao <strong>Air Spacer Mesh<\/strong>, garante ventila\u00e7\u00e3o ativa: o ar circula com cada passo, reduzindo a transpira\u00e7\u00e3o em at\u00e9 15% em compara\u00e7\u00e3o a sistemas convencionais.<\/p>\n<p><strong>Ajuste:<\/strong> o <strong>VariSlide System<\/strong> permite regular a altura do costado com precis\u00e3o milim\u00e9trica. As al\u00e7as <strong>ActiveFit<\/strong> se moldam aos ombros. E as barrigueiras <strong>VariFlex ECL<\/strong> pivotam junto com o quadril, acompanhando movimentos sem desequilibrar.<\/p>\n<p><strong>Carga:<\/strong> a estrutura <strong>Y-frame de alum\u00ednio<\/strong> transfere at\u00e9 70% do peso para a regi\u00e3o do quadril, deixando a coluna menos sobrecarregada.<\/p>\n<p><strong>Modularidade:<\/strong> a tampa vira uma mochila de ataque; bolsos laterais expans\u00edveis guardam snacks, cantil ou garrafa de hidrata\u00e7\u00e3o de at\u00e9 1,5\u202fL; o compartimento inferior \u00e9 separado; e uma capa de chuva integrada protege tudo em caso de tempestade.<\/p>\n<p><strong>Sustentabilidade:<\/strong> feita com mais de 50% de materiais reciclados, livre de PFAS e com selos <strong>bluesign\u00ae<\/strong> e <strong>ClimatePartner<\/strong> \u2014 prova de que performance e responsabilidade ambiental podem caminhar juntas.<\/p>\n<p><img loading=\"lazy\" decoding=\"async\" class=\"aligncenter size-full wp-image-34544\" src=\"https:\/\/geartips.club\/blog\/wp-content\/uploads\/sites\/2\/2025\/07\/deuter-mochila-aircontact-pro-2025.webp\" alt=\"Mochila cargueira deuter Aircontact PRO 2025\" width=\"1024\" height=\"768\" srcset=\"https:\/\/geartips.club\/blog\/wp-content\/uploads\/sites\/2\/2025\/07\/deuter-mochila-aircontact-pro-2025.webp 1024w, https:\/\/geartips.club\/blog\/wp-content\/uploads\/sites\/2\/2025\/07\/deuter-mochila-aircontact-pro-2025-300x225.webp 300w, https:\/\/geartips.club\/blog\/wp-content\/uploads\/sites\/2\/2025\/07\/deuter-mochila-aircontact-pro-2025-768x576.webp 768w\" sizes=\"(max-width: 1024px) 100vw, 1024px\" \/><\/p>\n<p class=\"imagem-nota\">Mochila cargueira deuter Aircontact PRO 2025<\/p>\n<h3>Tamanhos da Aircontact PRO 2025<\/h3>\n<p>A linha Aircontact PRO 2025 est\u00e1 dispon\u00edvel em quatro tamanhos, atendendo a diferentes biotipos e oferecendo um ajuste preciso para m\u00e1ximo conforto e efici\u00eancia no transporte de cargas pesadas. S\u00e3o dois modelos com ajuste feminino (SL) e dois com ajuste padr\u00e3o, cada um com estrutura adaptada ao comprimento do dorso e \u00e0 altura do usu\u00e1rio.<\/p>\n<p>Confira abaixo as especifica\u00e7\u00f5es de cada modelo:<\/p>\n<div id=\"footable_parent_34469\"\n         class=\" footable_parent ninja_table_wrapper loading_ninja_table wp_table_data_press_parent semantic_ui \">\n                <table data-ninja_table_instance=\"ninja_table_instance_1\" data-footable_id=\"34469\" data-filter-delay=\"1000\" aria-label=\"Post Evolu\u00e7\u00e3o Aircontact Pro - Tabela 2\"            id=\"footable_34469\"\n           data-unique_identifier=\"ninja_table_unique_id_69723998_34469\"\n           class=\" foo-table ninja_footable foo_table_34469 ninja_table_unique_id_69723998_34469 ui table  ninja_search_right nt_type_ajax_table striped vertical_centered  footable-paging-right ninja_table_search_disabled\">\n                <colgroup>\n                            <col class=\"ninja_column_0 \">\n                            <col class=\"ninja_column_1 \">\n                            <col class=\"ninja_column_2 \">\n                            <col class=\"ninja_column_3 \">\n                            <col class=\"ninja_column_4 \">\n                            <col class=\"ninja_column_5 \">\n                            <col class=\"ninja_column_6 \">\n                    <\/colgroup>\n            <\/table>\n    \n    \n    \n<\/div>\n\n<h3>Tecnologias da deuter Aircontact PRO 2025<\/h3>\n<p>A Aircontact PRO 2025 re\u00fane dezenas de recursos que fazem diferen\u00e7a em cada passo da trilha \u2014 todos pensados para oferecer desempenho, conforto e durabilidade nos terrenos mais exigentes.<\/p>\n<p>Abaixo, voc\u00ea encontra os principais recursos e tecnologias organizados por categoria, com explica\u00e7\u00f5es claras sobre o que cada item oferece na pr\u00e1tica: do sistema de costado ao uso de materiais sustent\u00e1veis na constru\u00e7\u00e3o da mochila.<\/p>\n<p>Nota: como muitas refer\u00eancias da deuter est\u00e3o em ingl\u00eas (cat\u00e1logos t\u00e9cnicos e site internacional), mantive alguns nomes originais das tecnologias e caracter\u00edsticas, sempre acompanhados por uma explica\u00e7\u00e3o em portugu\u00eas.<\/p>\n<div id=\"footable_parent_34471\"\n         class=\" footable_parent ninja_table_wrapper loading_ninja_table wp_table_data_press_parent semantic_ui \">\n                <table data-ninja_table_instance=\"ninja_table_instance_2\" data-footable_id=\"34471\" data-filter-delay=\"1000\" aria-label=\"Post Evolu\u00e7\u00e3o Aircontact Pro - Tabela 3\"            id=\"footable_34471\"\n           data-unique_identifier=\"ninja_table_unique_id_3482518011_34471\"\n           class=\" foo-table ninja_footable foo_table_34471 ninja_table_unique_id_3482518011_34471 ui table  ninja_search_right nt_type_ajax_table striped vertical_centered  footable-paging-right ninja_table_search_disabled\">\n                <colgroup>\n                            <col class=\"ninja_column_0 \">\n                            <col class=\"ninja_column_1 \">\n                            <col class=\"ninja_column_2 \">\n                    <\/colgroup>\n            <\/table>\n    \n    \n    \n<\/div>\n\n<h3>Detalhes que fazem a diferen\u00e7a<\/h3>\n<p>Depois de conhecer os recursos e tecnologias que tornam a Aircontact PRO 2025 uma mochila de refer\u00eancia, \u00e9 hora de visualizar esses elementos. Abaixo, reuni imagens dos principais detalhes \u2014 desde o sistema de costado at\u00e9 os bolsos, z\u00edperes e solu\u00e7\u00f5es modulares \u2014 para que voc\u00ea compreenda melhor como cada parte contribui para o desempenho e a versatilidade da mochila.<\/p>\n<div class=\"imagens-flex\">\n<div class=\"img01\"><img loading=\"lazy\" decoding=\"async\" class=\"aligncenter size-full wp-image-34502\" src=\"https:\/\/geartips.club\/blog\/wp-content\/uploads\/sites\/2\/2025\/07\/mochila-deuter-aircontact-pro-70-15-2025-00.webp\" alt=\"Mochila cargueira deuter Aircontact PRO 70+15 - 2025\" width=\"510\" height=\"650\" srcset=\"https:\/\/geartips.club\/blog\/wp-content\/uploads\/sites\/2\/2025\/07\/mochila-deuter-aircontact-pro-70-15-2025-00.webp 510w, https:\/\/geartips.club\/blog\/wp-content\/uploads\/sites\/2\/2025\/07\/mochila-deuter-aircontact-pro-70-15-2025-00-235x300.webp 235w\" sizes=\"(max-width: 510px) 100vw, 510px\" \/><\/div>\n<div class=\"img02\"><img loading=\"lazy\" decoding=\"async\" class=\"aligncenter size-full wp-image-34505\" src=\"https:\/\/geartips.club\/blog\/wp-content\/uploads\/sites\/2\/2025\/07\/mochila-deuter-aircontact-pro-70-15-2025-01.webp\" alt=\"Mochila cargueira deuter Aircontact PRO 70+15 - 2025\" width=\"510\" height=\"650\" srcset=\"https:\/\/geartips.club\/blog\/wp-content\/uploads\/sites\/2\/2025\/07\/mochila-deuter-aircontact-pro-70-15-2025-01.webp 510w, https:\/\/geartips.club\/blog\/wp-content\/uploads\/sites\/2\/2025\/07\/mochila-deuter-aircontact-pro-70-15-2025-01-235x300.webp 235w\" sizes=\"(max-width: 510px) 100vw, 510px\" \/><\/div>\n<\/div>\n<div class=\"imagens-flex3\">\n<div class=\"img3-01\"><img loading=\"lazy\" decoding=\"async\" class=\"aligncenter size-full wp-image-34514\" src=\"https:\/\/geartips.club\/blog\/wp-content\/uploads\/sites\/2\/2025\/07\/mochila-deuter-aircontact-pro-70-15-2025-04.webp\" alt=\"Bolso destac\u00e1vel da Mochila cargueira deuter Aircontact PRO 70+15 - 2025\" width=\"510\" height=\"650\" srcset=\"https:\/\/geartips.club\/blog\/wp-content\/uploads\/sites\/2\/2025\/07\/mochila-deuter-aircontact-pro-70-15-2025-04.webp 510w, https:\/\/geartips.club\/blog\/wp-content\/uploads\/sites\/2\/2025\/07\/mochila-deuter-aircontact-pro-70-15-2025-04-235x300.webp 235w\" sizes=\"(max-width: 510px) 100vw, 510px\" \/><\/div>\n<div class=\"img3-02\"><img loading=\"lazy\" decoding=\"async\" class=\"aligncenter size-full wp-image-34517\" src=\"https:\/\/geartips.club\/blog\/wp-content\/uploads\/sites\/2\/2025\/07\/mochila-deuter-aircontact-pro-70-15-2025-05.webp\" alt=\"Bolso destac\u00e1vel da Mochila cargueira deuter Aircontact PRO 70+15 - 2025\" width=\"510\" height=\"650\" srcset=\"https:\/\/geartips.club\/blog\/wp-content\/uploads\/sites\/2\/2025\/07\/mochila-deuter-aircontact-pro-70-15-2025-05.webp 510w, https:\/\/geartips.club\/blog\/wp-content\/uploads\/sites\/2\/2025\/07\/mochila-deuter-aircontact-pro-70-15-2025-05-235x300.webp 235w\" sizes=\"(max-width: 510px) 100vw, 510px\" \/><\/div>\n<div class=\"img3-03\"><img loading=\"lazy\" decoding=\"async\" class=\"aligncenter size-full wp-image-34520\" src=\"https:\/\/geartips.club\/blog\/wp-content\/uploads\/sites\/2\/2025\/07\/mochila-deuter-aircontact-pro-70-15-2025-06.webp\" alt=\"Tampa destac\u00e1vel que vira mochila day pack na Mochila cargueira deuter Aircontact PRO 70+15 - 2025\" width=\"510\" height=\"650\" srcset=\"https:\/\/geartips.club\/blog\/wp-content\/uploads\/sites\/2\/2025\/07\/mochila-deuter-aircontact-pro-70-15-2025-06.webp 510w, https:\/\/geartips.club\/blog\/wp-content\/uploads\/sites\/2\/2025\/07\/mochila-deuter-aircontact-pro-70-15-2025-06-235x300.webp 235w\" sizes=\"(max-width: 510px) 100vw, 510px\" \/><\/div>\n<\/div>\n<div class=\"imagens-flex\">\n<div class=\"img01\"><img loading=\"lazy\" decoding=\"async\" class=\"aligncenter size-full wp-image-34508\" src=\"https:\/\/geartips.club\/blog\/wp-content\/uploads\/sites\/2\/2025\/07\/mochila-deuter-aircontact-pro-70-15-2025-03.webp\" alt=\"Mochila cargueira deuter Aircontact PRO 70+15 - 2025\" width=\"510\" height=\"650\" srcset=\"https:\/\/geartips.club\/blog\/wp-content\/uploads\/sites\/2\/2025\/07\/mochila-deuter-aircontact-pro-70-15-2025-03.webp 510w, https:\/\/geartips.club\/blog\/wp-content\/uploads\/sites\/2\/2025\/07\/mochila-deuter-aircontact-pro-70-15-2025-03-235x300.webp 235w\" sizes=\"(max-width: 510px) 100vw, 510px\" \/><\/div>\n<div class=\"img02\"><img loading=\"lazy\" decoding=\"async\" class=\"aligncenter size-full wp-image-34511\" src=\"https:\/\/geartips.club\/blog\/wp-content\/uploads\/sites\/2\/2025\/07\/mochila-deuter-aircontact-pro-70-15-2025-02.webp\" alt=\"Mochila cargueira deuter Aircontact PRO 70+15 - 2025\" width=\"510\" height=\"650\" srcset=\"https:\/\/geartips.club\/blog\/wp-content\/uploads\/sites\/2\/2025\/07\/mochila-deuter-aircontact-pro-70-15-2025-02.webp 510w, https:\/\/geartips.club\/blog\/wp-content\/uploads\/sites\/2\/2025\/07\/mochila-deuter-aircontact-pro-70-15-2025-02-235x300.webp 235w\" sizes=\"(max-width: 510px) 100vw, 510px\" \/><\/div>\n<\/div>\n<p><strong>Quer conhecer todos estes detalhes da Aircontact PRO 2025? Asista ao v\u00eddeo abaixo!<\/strong><\/p>\n<div class=\"embed-container\"><iframe width=\"560\" height=\"315\" src=\"https:\/\/www.youtube.com\/embed\/Cb_ebNVzw6E?si=DvPTRzCoAg8f0YkN\" title=\"YouTube video player\" frameborder=\"0\" allow=\"accelerometer; autoplay; clipboard-write; encrypted-media; gyroscope; picture-in-picture; web-share\" allowfullscreen><\/iframe><\/div>\n<h2>Compromisso com o planeta<\/h2>\n<p>Muito al\u00e9m do desempenho t\u00e9cnico e do conforto para longas jornadas, a deuter tem se destacado tamb\u00e9m por seu compromisso cont\u00ednuo com pr\u00e1ticas ambiental e socialmente respons\u00e1veis. A Aircontact PRO 2025 reflete esse posicionamento: cada detalhe da mochila \u2014 do tecido ao processo de fabrica\u00e7\u00e3o \u2014 \u00e9 pensado para causar o menor impacto poss\u00edvel no planeta. Certifica\u00e7\u00f5es internacionais, materiais reciclados e tecnologias livres de PFAS fazem parte de uma abordagem transparente e coerente com os desafios ambientais atuais.<\/p>\n<div class=\"texto-flex-30-70\">\n<div class=\"col01-30\"><img loading=\"lazy\" decoding=\"async\" class=\"aligncenter size-full wp-image-34525\" src=\"https:\/\/geartips.club\/blog\/wp-content\/uploads\/sites\/2\/2025\/07\/made-without-pfas.webp\" alt=\"Feito sem PFAS\" width=\"300\" height=\"300\" srcset=\"https:\/\/geartips.club\/blog\/wp-content\/uploads\/sites\/2\/2025\/07\/made-without-pfas.webp 300w, https:\/\/geartips.club\/blog\/wp-content\/uploads\/sites\/2\/2025\/07\/made-without-pfas-150x150.webp 150w\" sizes=\"(max-width: 300px) 100vw, 300px\" \/><\/div>\n<div class=\"col02-70\">\n<h4><b>Produzido sem PFAS<\/b><\/h4>\n<p>As mochilas deuter s\u00e3o fabricadas sem o uso de subst\u00e2ncias per e polifluoroalquiladas (PFAS). Isso reduz o uso de compostos prejudiciais ao meio ambiente e \u00e0 sa\u00fade.<\/p>\n<p>Os PFAS s\u00e3o tradicionalmente utilizados como revestimento para prote\u00e7\u00e3o contra chuva, j\u00e1 que possuem propriedades repelentes \u00e0 \u00e1gua, sujeira e gordura.<\/p>\n<p>Em vez disso, a deuter utiliza revestimento <strong>DWR (Durable Water Repellency)<\/strong>, que \u00e9 inofensivo \u00e0 sa\u00fade e ecologicamente correto.<\/p>\n<\/div>\n<\/div>\n<div class=\"texto-flex-30-70\">\n<div class=\"col01-30\"><img loading=\"lazy\" decoding=\"async\" class=\"aligncenter size-full wp-image-34528\" src=\"https:\/\/geartips.club\/blog\/wp-content\/uploads\/sites\/2\/2025\/07\/green-button.webp\" alt=\"Selo Green Button\" width=\"300\" height=\"300\" srcset=\"https:\/\/geartips.club\/blog\/wp-content\/uploads\/sites\/2\/2025\/07\/green-button.webp 300w, https:\/\/geartips.club\/blog\/wp-content\/uploads\/sites\/2\/2025\/07\/green-button-150x150.webp 150w\" sizes=\"(max-width: 300px) 100vw, 300px\" \/><\/div>\n<div class=\"col02-70\">\n<h4><b>Produto certificado com o selo Green Button<\/b><\/h4>\n<p>O Green Button (Bot\u00e3o Verde) \u00e9 um selo oficial do governo alem\u00e3o para t\u00eaxteis sustent\u00e1veis. Quem busca produtos fabricados de forma social e ambientalmente respons\u00e1vel deve procurar por esse selo.<\/p>\n<p>Atualmente, n\u00e3o h\u00e1 outro selo igual ao Green Button. Ele exige o cumprimento de <strong>crit\u00e9rios obrigat\u00f3rios rigorosos<\/strong> para proteger as pessoas e o meio ambiente. S\u00e3o 46 crit\u00e9rios sociais e ambientais abrangentes, que v\u00e3o desde o tratamento de \u00e1guas residuais at\u00e9 a proibi\u00e7\u00e3o do trabalho for\u00e7ado.<\/p>\n<\/div>\n<\/div>\n<div class=\"texto-flex-30-70\">\n<div class=\"col01-30\"><img loading=\"lazy\" decoding=\"async\" class=\"aligncenter size-full wp-image-34531\" src=\"https:\/\/geartips.club\/blog\/wp-content\/uploads\/sites\/2\/2025\/07\/climate-partner.webp\" alt=\"Climate Partner\" width=\"300\" height=\"300\" srcset=\"https:\/\/geartips.club\/blog\/wp-content\/uploads\/sites\/2\/2025\/07\/climate-partner.webp 300w, https:\/\/geartips.club\/blog\/wp-content\/uploads\/sites\/2\/2025\/07\/climate-partner-150x150.webp 150w\" sizes=\"(max-width: 300px) 100vw, 300px\" \/><\/div>\n<div class=\"col02-70\">\n<h4><b>Produto certificado pela ClimatePartner<\/b><\/h4>\n<p>Ao adotar cada vez mais <strong>materiais e tecnologias com menor pegada de carbono<\/strong>, a deuter est\u00e1 dando passos importantes para reduzir suas emiss\u00f5es de CO\u2082. Mas, apesar de todos os esfor\u00e7os, \u00e9 imposs\u00edvel eliminar completamente essas emiss\u00f5es. Por isso, a marca firmou parceria com a <strong>ClimatePartner<\/strong> para compensar todas as emiss\u00f5es inevit\u00e1veis.<\/p>\n<p>Sempre que um produto da deuter \u00e9 comprado, o volume de emiss\u00f5es gerado durante sua fabrica\u00e7\u00e3o e transporte \u00e9 <strong>compensado voluntariamente<\/strong> por meio de investimentos em projetos sociais e ambientais selecionados.<\/p>\n<\/div>\n<\/div>\n<div class=\"texto-flex-30-70\">\n<div class=\"col01-30\"><img loading=\"lazy\" decoding=\"async\" class=\"aligncenter size-full wp-image-34534\" src=\"https:\/\/geartips.club\/blog\/wp-content\/uploads\/sites\/2\/2025\/07\/bluesign.webp\" alt=\"bluesign\" width=\"300\" height=\"300\" srcset=\"https:\/\/geartips.club\/blog\/wp-content\/uploads\/sites\/2\/2025\/07\/bluesign.webp 300w, https:\/\/geartips.club\/blog\/wp-content\/uploads\/sites\/2\/2025\/07\/bluesign-150x150.webp 150w\" sizes=\"(max-width: 300px) 100vw, 300px\" \/><\/div>\n<div class=\"col02-70\">\n<h4><b>Produto bluesign\u00ae<\/b><\/h4>\n<p>Os produtos que carregam o selo bluesign\u00ae atendem aos crit\u00e9rios rigorosos de seguran\u00e7a e sustentabilidade do sistema <strong>bluesign\u00ae<\/strong>.<\/p>\n<p>Os tecidos e acess\u00f3rios utilizados nesses produtos s\u00e3o produzidos de forma a <strong>economizar recursos valiosos e minimizar o impacto sobre as pessoas e o meio ambiente<\/strong>.<\/p>\n<\/div>\n<\/div>\n<p>Se voc\u00ea quiser conhecer mais a fundo o que torna a deuter uma refer\u00eancia em sustentabilidade no universo outdoor, vale a leitura do artigo: <a title=\"Artigo sobre as pr\u00e1ticas sustent\u00e1veis da deuter\" href=\"https:\/\/geartips.club\/blog\/7-iniciativas-responsaveis-deuter\/\" target=\"_blank\" rel=\"noopener\">7 iniciativas respons\u00e1veis da deuter, marca l\u00edder em sustentabilidade no mercado outdoor<\/a>.<\/p>\n<h2>Minha experi\u00eancia com a Aircontact PRO<\/h2>\n<p>Uso mochilas da deuter desde 2001, e minha primeira cargueira da marca foi uma <strong>Aircontact 75+10<\/strong> \u2014 na \u00e9poca, a linha Aircontact PRO ainda nem havia sido lan\u00e7ada. Com ela, percorri diversas travessias e viagens, tanto no Brasil quanto no exterior. Quando a Aircontact PRO foi introduzida, n\u00e3o demorei a adotar o novo modelo, acompanhando de perto cada atualiza\u00e7\u00e3o e tendo a oportunidade de usar diferentes vers\u00f5es ao longo dos anos.<\/p>\n<p>Minhas \u00faltimas atividades com a Aircontact PRO foram bem distintas, mas igualmente exigentes. Participei de alguns programas <strong>OBB Pais &amp; Filhos<\/strong> com a minha esposa e o meu filho \u2014 experi\u00eancias que, apesar de leves, exigiam log\u00edstica e carga. Depois, enfrentei um desafio mais intenso: o <strong>FEAL na Serra do Cip\u00f3 (MG)<\/strong>, uma <strong>expedi\u00e7\u00e3o autossuficiente de 14 dias<\/strong>, organizada pela <strong>Outward Bound Brasil<\/strong>. Nessas situa\u00e7\u00f5es, carregamos bastante peso, especialmente com alimentos e sistemas de cozinha, pois preparamos refei\u00e7\u00f5es completas em grupo \u2014 parte essencial da viv\u00eancia.<\/p>\n<p>\u00c9 importante lembrar que existem mochilas adequadas para cada tipo de atividade. Mas quando o cen\u00e1rio exige <strong>transportar cargas pesadas por longos per\u00edodos<\/strong>, seja numa travessia, expedi\u00e7\u00e3o ou atividade educativa, <strong>voc\u00ea precisa confiar no seu equipamento<\/strong>. E a Aircontact PRO sempre esteve \u00e0 altura: robusta, confort\u00e1vel e pronta para encarar qualquer terreno.<\/p>\n<p><img loading=\"lazy\" decoding=\"async\" class=\"aligncenter size-full wp-image-34560\" src=\"https:\/\/geartips.club\/blog\/wp-content\/uploads\/sites\/2\/2025\/07\/pedro-moaci-obb.webp\" alt=\"Pedro Lacaz Amaral e Moaci Judson - OBB\" width=\"1024\" height=\"576\" srcset=\"https:\/\/geartips.club\/blog\/wp-content\/uploads\/sites\/2\/2025\/07\/pedro-moaci-obb.webp 1024w, https:\/\/geartips.club\/blog\/wp-content\/uploads\/sites\/2\/2025\/07\/pedro-moaci-obb-300x169.webp 300w, https:\/\/geartips.club\/blog\/wp-content\/uploads\/sites\/2\/2025\/07\/pedro-moaci-obb-768x432.webp 768w\" sizes=\"(max-width: 1024px) 100vw, 1024px\" \/><\/p>\n<p><img loading=\"lazy\" decoding=\"async\" class=\"aligncenter size-full wp-image-34563\" src=\"https:\/\/geartips.club\/blog\/wp-content\/uploads\/sites\/2\/2025\/07\/capacidade-deuter-aircontact-pro.webp\" alt=\"Deuter Aircontact PRO\" width=\"1024\" height=\"576\" srcset=\"https:\/\/geartips.club\/blog\/wp-content\/uploads\/sites\/2\/2025\/07\/capacidade-deuter-aircontact-pro.webp 1024w, https:\/\/geartips.club\/blog\/wp-content\/uploads\/sites\/2\/2025\/07\/capacidade-deuter-aircontact-pro-300x169.webp 300w, https:\/\/geartips.club\/blog\/wp-content\/uploads\/sites\/2\/2025\/07\/capacidade-deuter-aircontact-pro-768x432.webp 768w\" sizes=\"(max-width: 1024px) 100vw, 1024px\" \/><\/p>\n<h2>Palavra de quem confia: guias falam sobre a Aircontact PRO<\/h2>\n<p><img loading=\"lazy\" decoding=\"async\" class=\"aligncenter size-full wp-image-34573\" src=\"https:\/\/geartips.club\/blog\/wp-content\/uploads\/sites\/2\/2025\/07\/mochila-deuter-aircontact-pro-freddy-duclerc.webp\" alt=\"Mochila Deuter Aircontact PRO com o guia de montanha Freddy Duclec\" width=\"1024\" height=\"607\" srcset=\"https:\/\/geartips.club\/blog\/wp-content\/uploads\/sites\/2\/2025\/07\/mochila-deuter-aircontact-pro-freddy-duclerc.webp 1024w, https:\/\/geartips.club\/blog\/wp-content\/uploads\/sites\/2\/2025\/07\/mochila-deuter-aircontact-pro-freddy-duclerc-300x178.webp 300w, https:\/\/geartips.club\/blog\/wp-content\/uploads\/sites\/2\/2025\/07\/mochila-deuter-aircontact-pro-freddy-duclerc-768x455.webp 768w\" sizes=\"(max-width: 1024px) 100vw, 1024px\" \/><\/p>\n<p>\u201cA mochila faz parte da minha hist\u00f3ria. Estou na quarta gera\u00e7\u00e3o. Ela \u00e9 bastante t\u00e9cnica e comporta tudo o que preciso carregar: kit de primeiros socorros, mantimentos, cordas, itens de seguran\u00e7a. Acabei de estrear o \u00faltimo lan\u00e7amento, a Aircontact PRO 2025, que me pareceu muito mais adapt\u00e1vel e leve. A mochila continua robusta e manteve alguns detalhes que fazem toda a diferen\u00e7a, como os ajustes.\u201d<\/p>\n<p><strong>Freddy Duclerc, montanhista profissional com mais de 200 cumes na Am\u00e9rica do Sul e mais de 2.000 travessias.<\/strong><\/p>\n<p><img loading=\"lazy\" decoding=\"async\" class=\"aligncenter size-full wp-image-34549\" src=\"https:\/\/geartips.club\/blog\/wp-content\/uploads\/sites\/2\/2025\/07\/fernanda-may-denali.webp\" alt=\"Fernanda May com a Aircontact PRO na escalada do Denali\" width=\"1024\" height=\"768\" srcset=\"https:\/\/geartips.club\/blog\/wp-content\/uploads\/sites\/2\/2025\/07\/fernanda-may-denali.webp 1024w, https:\/\/geartips.club\/blog\/wp-content\/uploads\/sites\/2\/2025\/07\/fernanda-may-denali-300x225.webp 300w, https:\/\/geartips.club\/blog\/wp-content\/uploads\/sites\/2\/2025\/07\/fernanda-may-denali-768x576.webp 768w\" sizes=\"(max-width: 1024px) 100vw, 1024px\" \/><\/p>\n<p class=\"imagem-nota\">Fernanda May com a Aircontact PRO na escalada do Denali<\/p>\n<p>\u201cFui para o Denali como auxiliar de guia e tive que levar muito peso. A deuter Aircontact X 70+15 suportou todo o meu equipamento. O modelo tem bolsos em diversos compartimentos, al\u00e9m de bolsos acess\u00f3rios na barrigueira que facilitam o acesso de equipamentos e outros itens de forma r\u00e1pida, sem precisar tirar a mochila das costas. Recomendo para quem quer fazer expedi\u00e7\u00f5es de forma aut\u00f4noma. Ela \u00e9 est\u00e1vel, confort\u00e1vel e possui uma barrigueira super resistente.\u201d<\/p>\n<p><strong>Fernanda May \u00e9 m\u00e9dica, m\u00e3e e montanhista experiente, com expedi\u00e7\u00f5es em alta montanha como Aconcagua, Denali, Sajama, Mont Blanc, Lobuche East entre outras.<\/strong><\/p>\n<div class=\"imagens-flex\">\n<div class=\"img01\"><img loading=\"lazy\" decoding=\"async\" class=\"aligncenter size-full wp-image-34553\" src=\"https:\/\/geartips.club\/blog\/wp-content\/uploads\/sites\/2\/2025\/07\/deuter-aircontact-pro-grajales-aconcagua-01.webp\" alt=\"Aircontact PRO em uso no Aconc\u00e1gua - Equipe da Grajales Expeditions\" width=\"510\" height=\"650\" srcset=\"https:\/\/geartips.club\/blog\/wp-content\/uploads\/sites\/2\/2025\/07\/deuter-aircontact-pro-grajales-aconcagua-01.webp 510w, https:\/\/geartips.club\/blog\/wp-content\/uploads\/sites\/2\/2025\/07\/deuter-aircontact-pro-grajales-aconcagua-01-235x300.webp 235w\" sizes=\"(max-width: 510px) 100vw, 510px\" \/><\/div>\n<div class=\"img02\"><img loading=\"lazy\" decoding=\"async\" class=\"aligncenter size-full wp-image-34556\" src=\"https:\/\/geartips.club\/blog\/wp-content\/uploads\/sites\/2\/2025\/07\/deuter-aircontact-pro-grajales-aconcagua-02.webp\" alt=\"Deuter Aircontact PRO - Grajales Expeditions\" width=\"510\" height=\"650\" srcset=\"https:\/\/geartips.club\/blog\/wp-content\/uploads\/sites\/2\/2025\/07\/deuter-aircontact-pro-grajales-aconcagua-02.webp 510w, https:\/\/geartips.club\/blog\/wp-content\/uploads\/sites\/2\/2025\/07\/deuter-aircontact-pro-grajales-aconcagua-02-235x300.webp 235w\" sizes=\"(max-width: 510px) 100vw, 510px\" \/><\/div>\n<\/div>\n<p>\u201cO Aconc\u00e1gua \u00e9 uma montanha bastante exigente devido \u00e0s suas condi\u00e7\u00f5es gerais, como clima e relevo, o que requer o melhor equipamento para transportar toda a carga pesada durante muitos dias. A Aircontact PRO me oferece maior seguran\u00e7a e conforto durante as expedi\u00e7\u00f5es.\u201d<\/p>\n<p><strong>Jorge Gonz\u00e1lez, guia de montanha da Grajales Expeditions no Parque Provincial Aconc\u00e1gua, com 29 cumes do Aconc\u00e1gua e diversas outras montanhas no curr\u00edculo.<\/strong><\/p>\n<h3>Conclus\u00e3o: um cl\u00e1ssico que evolui, mas nunca perde sua ess\u00eancia<\/h3>\n<p>Seja cruzando os Alpes, os Andes, o Himalaia ou as montanhas do Brasil, a Aircontact PRO segue representando mais que uma mochila: \u00e9 uma parceira de confian\u00e7a para quem carrega n\u00e3o s\u00f3 quilos de equipamento, mas tamb\u00e9m sonhos, conquistas e mem\u00f3rias de aventura.<\/p>\n<p><strong>Quer saber mais sobre a Aircontact PRO e as outras mochilas de trekking da deuter? Assista \u00e0 live Trekking e a Mochila Ideal para Cada Jornada!<\/strong><\/p>\n<div class=\"embed-container\"><iframe title=\"YouTube video player\" src=\"https:\/\/www.youtube.com\/embed\/fcrGmVr-8L4?si=i6P8u_zHGGRIn7JZ\" width=\"560\" height=\"315\" frameborder=\"0\" allowfullscreen=\"allowfullscreen\"><\/iframe><\/div>\n<h3>Para se inspirar<\/h3>\n<p>Mais do que uma mochila, a Aircontact PRO \u00e9 um convite \u00e0 jornada \u2014 externa e interna. E poucas coisas traduzem t\u00e3o bem essa conex\u00e3o com a natureza e com o sil\u00eancio quanto o curta-metragem <strong>\u201cA Sense of Silence \u2013 Hiking in the Scottish Highlands\u201d<\/strong>.<\/p>\n<p>Daniel Neilson e uma amiga embarcam em uma travessia pelas Terras Altas da Esc\u00f3cia, deixando-se levar pelo ritmo da natureza, sem pressa e sem planos r\u00edgidos.<\/p>\n<p>Em pouco mais de dois minutos, o v\u00eddeo nos transporta para florestas de pinheiros ancestrais, praias desertas, montanhas imponentes e vilarejos remotos. Mais do que belas paisagens, a jornada revela a alegria serena de dias simples, a liberdade de estar ao ar livre e a sensa\u00e7\u00e3o de se sentir em casa no cora\u00e7\u00e3o da natureza.<\/p>\n<p><strong>Aperte o play, respire fundo e permita-se inspirar:<\/strong><\/p>\n<div class=\"embed-container\"><iframe title=\"YouTube video player\" src=\"https:\/\/www.youtube.com\/embed\/eHaM3o4nne8?si=UFbR67QH-mgExUCo\" width=\"560\" height=\"315\" frameborder=\"0\" allowfullscreen=\"allowfullscreen\"><\/iframe><\/div>\n<h3>Quer se preparar para a sua pr\u00f3xima grande jornada?<\/h3>\n<p>Explore todos os detalhes da Aircontact PRO 2025 no <a title=\"deuter Aircontact Pro no site internacional da deuter\" href=\"https:\/\/www.deuter.com\/es-en\/search?q=Aircontact%20PRO\" target=\"_blank\" rel=\"noopener\">site oficial da deuter<\/a> ou da <a title=\"deuter Aircontact Pro no site da Nautika\" href=\"https:\/\/www.nautikalazer.com.br\/Aircontact%20PRO?&amp;utmi_p=_&amp;utmi_pc=BuscaFullText&amp;utmi_cp=Aircontact%20PRO\" target=\"_blank\" rel=\"noopener\">Nautika<\/a>, distribuidora oficial da marca no Brasil.<\/p>\n","protected":false},"excerpt":{"rendered":"<p>Poucas mochilas no mundo acumulam tantas hist\u00f3rias de travessias e expedi\u00e7\u00f5es quanto a deuter Aircontact PRO. Para quem cruza cordilheiras, avan\u00e7a por vales isolados ou lidera grupos em jornadas de v\u00e1rios dias, confian\u00e7a e conforto s\u00e3o essenciais \u2014 e \u00e9 exatamente nisso que essa mochila cargueira se tornou refer\u00eancia global. At\u00e9 o in\u00edcio dos anos [&hellip;]<\/p>\n","protected":false},"author":1096,"featured_media":34569,"comment_status":"open","ping_status":"closed","sticky":false,"template":"","format":"standard","meta":{"footnotes":""},"categories":[1020,1035,1877],"tags":[1759,1061,1854,1405,1878],"class_list":["post-34429","post","type-post","status-publish","format-standard","has-post-thumbnail","hentry","category-equipamentos","category-mochilas","category-rel1","tag-aircontact-pro","tag-deuter","tag-live-deuter","tag-mochilas-cargueiras","tag-rel2"],"blocksy_meta":[],"_links":{"self":[{"href":"https:\/\/geartips.club\/blog\/wp-json\/wp\/v2\/posts\/34429","targetHints":{"allow":["GET"]}}],"collection":[{"href":"https:\/\/geartips.club\/blog\/wp-json\/wp\/v2\/posts"}],"about":[{"href":"https:\/\/geartips.club\/blog\/wp-json\/wp\/v2\/types\/post"}],"author":[{"embeddable":true,"href":"https:\/\/geartips.club\/blog\/wp-json\/wp\/v2\/users\/1096"}],"replies":[{"embeddable":true,"href":"https:\/\/geartips.club\/blog\/wp-json\/wp\/v2\/comments?post=34429"}],"version-history":[{"count":5,"href":"https:\/\/geartips.club\/blog\/wp-json\/wp\/v2\/posts\/34429\/revisions"}],"predecessor-version":[{"id":34433,"href":"https:\/\/geartips.club\/blog\/wp-json\/wp\/v2\/posts\/34429\/revisions\/34433"}],"wp:featuredmedia":[{"embeddable":true,"href":"https:\/\/geartips.club\/blog\/wp-json\/wp\/v2\/media\/34569"}],"wp:attachment":[{"href":"https:\/\/geartips.club\/blog\/wp-json\/wp\/v2\/media?parent=34429"}],"wp:term":[{"taxonomy":"category","embeddable":true,"href":"https:\/\/geartips.club\/blog\/wp-json\/wp\/v2\/categories?post=34429"},{"taxonomy":"post_tag","embeddable":true,"href":"https:\/\/geartips.club\/blog\/wp-json\/wp\/v2\/tags?post=34429"}],"curies":[{"name":"wp","href":"https:\/\/api.w.org\/{rel}","templated":true}]}}