{"id":35814,"date":"2025-12-09T16:43:01","date_gmt":"2025-12-09T19:43:01","guid":{"rendered":"https:\/\/geartips.club\/blog\/?p=35814"},"modified":"2025-12-09T16:43:01","modified_gmt":"2025-12-09T19:43:01","slug":"trilhas-rumos-trajetoria-primeira-barraca","status":"publish","type":"post","link":"https:\/\/geartips.club\/blog\/trilhas-rumos-trajetoria-primeira-barraca\/","title":{"rendered":"Trilhas &amp; Rumos: uma trajet\u00f3ria que come\u00e7ou com a primeira barraca compacta brasileira"},"content":{"rendered":"<p>Fernando Andreis era um jovem prestes a completar 30 anos de idade quando teve a ideia de viabilizar uma barraca de camping mais leve, compacta e simples de carregar. Hoje, aos 71 anos, o fundador da Trilhas &amp; Rumos \u00e9 um personagem fundamental na forma\u00e7\u00e3o do mercado outdoor no Brasil \u2013 gra\u00e7as a um alinhamento de prop\u00f3sito muito claro.<\/p>\n<p>O objetivo era abandonar a carreira de engenheiro e mudar-se da capital fluminense para Teres\u00f3polis \u2013 conhecida como a capital nacional do montanhismo. A atra\u00e7\u00e3o pela cidade surgiu durante a juventude, na primeira de muitas travessias Petr\u00f3polis-Teres\u00f3polis realizadas at\u00e9 hoje. \u201cNo meu \u00faltimo emprego, eu trabalhava de terno e gravata no centro da cidade, e ao fazer o n\u00f3 da gravata toda a manh\u00e3 pensava: \u2018n\u00e3o posso terminar a vida assim\u2019\u201d, conta Fernando.<\/p>\n<p>Sua jornada no mercado outdoor come\u00e7ou em 1983, d\u00e9cada em que a ind\u00fastria era incipiente no pa\u00eds, como relembra: \u201cN\u00f3s utiliz\u00e1vamos equipamentos militares, como mochilas e excedentes que vendiam em algumas lojas. Quando vinham expedi\u00e7\u00f5es de outros pa\u00edses, como Alemanha, era uma disputa para comprar os equipamentos dos integrantes. Eles voltavam para casa praticamente sem nada!\u201d.<\/p>\n<p>As barracas de camping que existiam na \u00e9poca eram pesadas e volumosas \u2013 fabricadas com arma\u00e7\u00f5es met\u00e1licas e em tecido de algod\u00e3o impermeabilizado. Eram voltadas para frequentadores de campings organizados, e n\u00e3o campings selvagens. Foi ent\u00e3o que ele concebeu a primeira de uma s\u00e9rie de inova\u00e7\u00f5es que marcou o mercado brasileiro de atividades ao ar livre: um modelo de barraca que se armava apenas com um arco de fibra de vidro: leve e r\u00e1pida de montar. Em 1984, nascia ent\u00e3o a <a href=\"https:\/\/trilhaserumos.com.br\/\" target=\"_blank\" title=\"Site da Trilhas &amp; Rumos\" rel=\"noopener\">Trilhas &amp; Rumos<\/a>.<\/p>\n<p>Com a patente em m\u00e3os, Fernando iniciou a fabrica\u00e7\u00e3o na garagem de casa. N\u00e3o demorou muito para o modelo inovador da barraca ser adotado pelas equipes brasileiras do Camel Trophy, competi\u00e7\u00e3o de jeep que rodava o mundo, e ganhar visibilidade. <\/p>\n<p><img fetchpriority=\"high\" decoding=\"async\" src=\"https:\/\/geartips.club\/blog\/wp-content\/uploads\/sites\/2\/2025\/12\/barraca-cigano-trilhas-rumos-primeiro-produto.webp\" alt=\"Barraca Cigano - primeiro produto da Trilhas &amp; Rumos\" width=\"1024\" height=\"758\" class=\"aligncenter size-full wp-image-35817\" srcset=\"https:\/\/geartips.club\/blog\/wp-content\/uploads\/sites\/2\/2025\/12\/barraca-cigano-trilhas-rumos-primeiro-produto.webp 1024w, https:\/\/geartips.club\/blog\/wp-content\/uploads\/sites\/2\/2025\/12\/barraca-cigano-trilhas-rumos-primeiro-produto-300x222.webp 300w, https:\/\/geartips.club\/blog\/wp-content\/uploads\/sites\/2\/2025\/12\/barraca-cigano-trilhas-rumos-primeiro-produto-768x569.webp 768w\" sizes=\"(max-width: 1024px) 100vw, 1024px\" \/><\/p>\n<p class=\"imagem-nota\">Barraca Cigano para 2 pessoas, o primeiro produto da Trilhas &amp; Rumos<\/p>\n<p><img decoding=\"async\" src=\"https:\/\/geartips.club\/blog\/wp-content\/uploads\/sites\/2\/2025\/12\/marli-primeira-costureira-trilhas-rumos.webp\" alt=\"Marli, a primeira costureira, na garagem da casa de Fernando\" width=\"1024\" height=\"768\" class=\"aligncenter size-full wp-image-35820\" srcset=\"https:\/\/geartips.club\/blog\/wp-content\/uploads\/sites\/2\/2025\/12\/marli-primeira-costureira-trilhas-rumos.webp 1024w, https:\/\/geartips.club\/blog\/wp-content\/uploads\/sites\/2\/2025\/12\/marli-primeira-costureira-trilhas-rumos-300x225.webp 300w, https:\/\/geartips.club\/blog\/wp-content\/uploads\/sites\/2\/2025\/12\/marli-primeira-costureira-trilhas-rumos-768x576.webp 768w\" sizes=\"(max-width: 1024px) 100vw, 1024px\" \/><\/p>\n<p class=\"imagem-nota\">Marli, a primeira costureira, na garagem da casa de Fernando<\/p>\n<p>Com a repercuss\u00e3o, Fernando avan\u00e7ou em dire\u00e7\u00e3o \u00e0 sua segunda inova\u00e7\u00e3o: sacos de dormir mais leves e funcionais. Os modelos na \u00e9poca tamb\u00e9m eram pesados, produzidos com enchimento de estopa, e mofavam ao entrar em contato com a \u00e1gua. Os sacos de dormir da Trilhas &amp; Rumos eram fabricados em um tecido conhecido hoje como acrilon. O novo desenho trazia uma abertura que permitia utiliz\u00e1-lo como cobertor.<\/p>\n<p>O sucesso gerado pela sinergia entre a barraca e o saco de dormir abriu portas para a cria\u00e7\u00e3o de seu terceiro produto 100% nacional: as mochilas para trekking. A cl\u00e1ssica Trekking de 35 litros inaugurou a categoria, apresentando uma versatilidade que se destaca at\u00e9 hoje no mercado outdoor. A minha j\u00e1 dura mais de 20 anos! Posteriormente, a marca expandiu para a linha Montanha, de 75 litros, que se mant\u00e9m no portf\u00f3lio.<\/p>\n<p><img decoding=\"async\" src=\"https:\/\/geartips.club\/blog\/wp-content\/uploads\/sites\/2\/2025\/12\/mochila-trilhas-e-rumos-linha-montanha.webp\" alt=\"Mochila Trilhas &amp; Rumos\" width=\"650\" height=\"635\" class=\"aligncenter size-full wp-image-35824\" srcset=\"https:\/\/geartips.club\/blog\/wp-content\/uploads\/sites\/2\/2025\/12\/mochila-trilhas-e-rumos-linha-montanha.webp 650w, https:\/\/geartips.club\/blog\/wp-content\/uploads\/sites\/2\/2025\/12\/mochila-trilhas-e-rumos-linha-montanha-300x293.webp 300w\" sizes=\"(max-width: 650px) 100vw, 650px\" \/><\/p>\n<p>As mochilas tornaram-se, desde ent\u00e3o, o principal foco da Trilhas &amp; Rumos para incentivar as pessoas a sa\u00edrem de casa e a viajarem para os ambientes naturais. Mesmo diante da forte concorr\u00eancia com marcas importadas, a empresa continua produzindo diversos modelos no Brasil, comercializados em lojas de equipamentos outdoor e no site da marca.<\/p>\n<p>Fernando, que no passado participou de centenas de feiras, anunciou em revistas  especializadas e participou de eventos para divulgar os produtos, segue fazendo o que gosta e acompanhando as transforma\u00e7\u00f5es do mercado: \u201cO consumidor perdeu o medo de comprar pela internet. Cada vez mais eles consomem on-line, d\u00e3o opini\u00f5es e feedback, o que ajuda muito. Sempre me mantenho informado para reagir \u00e0s demandas do mercado.\u201d<\/p>\n<p><img loading=\"lazy\" decoding=\"async\" src=\"https:\/\/geartips.club\/blog\/wp-content\/uploads\/sites\/2\/2025\/12\/trilhas-e-rumos-expondo-feira-antiga.webp\" alt=\"Expondo em uma das dezenas de Feiras\" width=\"1024\" height=\"768\" class=\"aligncenter size-full wp-image-35827\" srcset=\"https:\/\/geartips.club\/blog\/wp-content\/uploads\/sites\/2\/2025\/12\/trilhas-e-rumos-expondo-feira-antiga.webp 1024w, https:\/\/geartips.club\/blog\/wp-content\/uploads\/sites\/2\/2025\/12\/trilhas-e-rumos-expondo-feira-antiga-300x225.webp 300w, https:\/\/geartips.club\/blog\/wp-content\/uploads\/sites\/2\/2025\/12\/trilhas-e-rumos-expondo-feira-antiga-768x576.webp 768w\" sizes=\"(max-width: 1024px) 100vw, 1024px\" \/><\/p>\n<p class=\"imagem-nota\">Expondo em uma das dezenas de Feiras<\/p>\n<h2>Constru\u00e7\u00e3o de um grande legado para as atividades ao ar livre<\/h2>\n<p>Pioneira no segmento outdoor, a Trilhas &amp; Rumos contribuiu para a divulga\u00e7\u00e3o das atividades outdoor, aproximando mais entusiastas da natureza, e abrindo o mercado para que novas marcas surgissem.  <\/p>\n<p>\u201cNossa proposta sempre foi criar uma base de usu\u00e1rios, que cresceu e abriu portas para que outras marcas viessem depois, com equipamentos mais sofisticados e importados. A deuter, Columbia e The North Face, por exemplo, s\u00f3 chegaram aqui depois que o mercado come\u00e7ou a existir. Nosso legado \u00e9 a cria\u00e7\u00e3o de um mercado que hoje tem diversos segmentos \u2013 de entrada, intermedi\u00e1rio e de topo.\u201d<\/p>\n<p>O que poucos sabem \u00e9 que ao mudar para Teres\u00f3polis, a ideia inicial de Fernando era criar abelhas. Ap\u00f3s dois anos de cursos, prepara\u00e7\u00e3o \u2013 e muitas picadas \u2013 ele resolveu mudar seu rumo e seguir por outras trilhas. Hoje, a Trilhas &amp; Rumos incentiva as pessoas a seguirem o exemplo de Fernando, fazendo o que gostam e se desafiando em contato com a natureza.<\/p>\n<div class=\"caixa-verde\">\n<strong>Membros do Gear Tips Club dos planos Basic e Premium t\u00eam <a href=\"https:\/\/geartips.club\/parceiros\/trilhas-e-rumos\/\" target=\"_blank\" rel=\"sponsored noopener\" title=\"Descontos em produtos da Trilhas &amp; Rumos\">descontos especiais no site da Trilhas &amp; Rumos, confira!<\/a><\/strong>\n<\/div>\n<p><\/p>\n","protected":false},"excerpt":{"rendered":"<p>Fernando Andreis era um jovem prestes a completar 30 anos de idade quando teve a ideia de viabilizar uma barraca de camping mais leve, compacta e simples de carregar. Hoje, aos 71 anos, o fundador da Trilhas &amp; Rumos \u00e9 um personagem fundamental na forma\u00e7\u00e3o do mercado outdoor no Brasil \u2013 gra\u00e7as a um alinhamento [&hellip;]<\/p>\n","protected":false},"author":3586,"featured_media":35832,"comment_status":"open","ping_status":"closed","sticky":false,"template":"","format":"standard","meta":{"footnotes":""},"categories":[1065],"tags":[1246,1247,1868],"class_list":["post-35814","post","type-post","status-publish","format-standard","has-post-thumbnail","hentry","category-barraca","tag-entrevistas","tag-marcas-outdoor","tag-trilhas-rumos"],"blocksy_meta":[],"_links":{"self":[{"href":"https:\/\/geartips.club\/blog\/wp-json\/wp\/v2\/posts\/35814","targetHints":{"allow":["GET"]}}],"collection":[{"href":"https:\/\/geartips.club\/blog\/wp-json\/wp\/v2\/posts"}],"about":[{"href":"https:\/\/geartips.club\/blog\/wp-json\/wp\/v2\/types\/post"}],"author":[{"embeddable":true,"href":"https:\/\/geartips.club\/blog\/wp-json\/wp\/v2\/users\/3586"}],"replies":[{"embeddable":true,"href":"https:\/\/geartips.club\/blog\/wp-json\/wp\/v2\/comments?post=35814"}],"version-history":[{"count":5,"href":"https:\/\/geartips.club\/blog\/wp-json\/wp\/v2\/posts\/35814\/revisions"}],"predecessor-version":[{"id":35831,"href":"https:\/\/geartips.club\/blog\/wp-json\/wp\/v2\/posts\/35814\/revisions\/35831"}],"wp:featuredmedia":[{"embeddable":true,"href":"https:\/\/geartips.club\/blog\/wp-json\/wp\/v2\/media\/35832"}],"wp:attachment":[{"href":"https:\/\/geartips.club\/blog\/wp-json\/wp\/v2\/media?parent=35814"}],"wp:term":[{"taxonomy":"category","embeddable":true,"href":"https:\/\/geartips.club\/blog\/wp-json\/wp\/v2\/categories?post=35814"},{"taxonomy":"post_tag","embeddable":true,"href":"https:\/\/geartips.club\/blog\/wp-json\/wp\/v2\/tags?post=35814"}],"curies":[{"name":"wp","href":"https:\/\/api.w.org\/{rel}","templated":true}]}}